{"id":9448,"date":"2026-01-23T15:04:46","date_gmt":"2026-01-23T14:04:46","guid":{"rendered":"https:\/\/gastro-brennecke.de\/blog\/?p=9448"},"modified":"2026-04-12T16:39:09","modified_gmt":"2026-04-12T14:39:09","slug":"naturschutzbier-2025-spende-kiebitz-300-euro","status":"publish","type":"post","link":"https:\/\/gastro-brennecke.de\/blog\/wissenswertes\/naturschutzbier-2025-spende-kiebitz-300-euro\/","title":{"rendered":"Naturschutzbier 2025 Spende Kiebitz 300 Euro"},"content":{"rendered":"\t\t<div data-elementor-type=\"wp-post\" data-elementor-id=\"9448\" class=\"elementor elementor-9448\" data-elementor-post-type=\"post\">\n\t\t\t\t\t\t<section class=\"elementor-section elementor-top-section elementor-element elementor-element-286b2b23 elementor-section-boxed elementor-section-height-default elementor-section-height-default\" data-id=\"286b2b23\" data-element_type=\"section\" data-e-type=\"section\">\n\t\t\t\t\t\t<div class=\"elementor-container elementor-column-gap-default\">\n\t\t\t\t\t<div class=\"elementor-column elementor-col-100 elementor-top-column elementor-element elementor-element-45547006\" data-id=\"45547006\" data-element_type=\"column\" data-e-type=\"column\">\n\t\t\t<div class=\"elementor-widget-wrap elementor-element-populated\">\n\t\t\t\t\t\t<div class=\"elementor-element elementor-element-7ad06ce elementor-widget elementor-widget-heading\" data-id=\"7ad06ce\" data-element_type=\"widget\" data-e-type=\"widget\" data-widget_type=\"heading.default\">\n\t\t\t\t<div class=\"elementor-widget-container\">\n\t\t\t\t\t<h1 class=\"elementor-heading-title elementor-size-default\">300\u202f\u20ac f\u00fcr den Naturschutz \u2013 Dank dem Naturschutzbier 2025<\/h1>\t\t\t\t<\/div>\n\t\t\t\t<\/div>\n\t\t\t\t<div class=\"elementor-element elementor-element-5caf3a3 elementor-widget elementor-widget-text-editor\" data-id=\"5caf3a3\" data-element_type=\"widget\" data-e-type=\"widget\" data-widget_type=\"text-editor.default\">\n\t\t\t\t<div class=\"elementor-widget-container\">\n\t\t\t\t\t\t\t\t\t<h2 data-pm-slice=\"1 1 []\">R\u00fcckblick auf ein besonderes Brauprojekt mit Wirkung<\/h2>\t\t\t\t\t\t\t\t<\/div>\n\t\t\t\t<\/div>\n\t\t\t\t<div class=\"elementor-element elementor-element-862e4eb elementor-widget elementor-widget-text-editor\" data-id=\"862e4eb\" data-element_type=\"widget\" data-e-type=\"widget\" data-widget_type=\"text-editor.default\">\n\t\t\t\t<div class=\"elementor-widget-container\">\n\t\t\t\t\t\t\t\t\t<p data-start=\"247\" data-end=\"391\">Das Jahr 2025 stand bei uns ganz im Zeichen des <strong data-start=\"295\" data-end=\"320\">Naturschutzbiers 2025<\/strong> \u2013 einem Brauprojekt, das Genuss mit regionalem Engagement verbindet.<\/p><p data-start=\"393\" data-end=\"690\">Gemeinsam mit der <strong data-start=\"411\" data-end=\"447\">Braumanufaktur Forsthaus Templin<\/strong> haben wir von <strong data-start=\"462\" data-end=\"482\">Gastro Brennecke<\/strong> eine unterg\u00e4rige Malzmischung entwickelt, die dem <strong data-start=\"533\" data-end=\"544\">Kiebitz<\/strong>, Vogel des Jahres 2024, gewidmet war. Ein Teil des Verkaufserl\u00f6ses wurde f\u00fcr den <strong data-start=\"626\" data-end=\"676\">Wiesenbr\u00fcterschutz im Naturpark Nuthe-Nieplitz<\/strong> eingeplant.<\/p>\t\t\t\t\t\t\t\t<\/div>\n\t\t\t\t<\/div>\n\t\t\t\t\t<\/div>\n\t\t<\/div>\n\t\t\t\t\t<\/div>\n\t\t<\/section>\n\t\t\t\t<section class=\"elementor-section elementor-top-section elementor-element elementor-element-3875b7d elementor-section-boxed elementor-section-height-default elementor-section-height-default\" data-id=\"3875b7d\" data-element_type=\"section\" data-e-type=\"section\">\n\t\t\t\t\t\t<div class=\"elementor-container elementor-column-gap-default\">\n\t\t\t\t\t<div class=\"elementor-column elementor-col-100 elementor-top-column elementor-element elementor-element-9e6fbfa\" data-id=\"9e6fbfa\" data-element_type=\"column\" data-e-type=\"column\">\n\t\t\t<div class=\"elementor-widget-wrap elementor-element-populated\">\n\t\t\t\t\t\t<div class=\"elementor-element elementor-element-c7d027a elementor-widget elementor-widget-heading\" data-id=\"c7d027a\" data-element_type=\"widget\" data-e-type=\"widget\" data-widget_type=\"heading.default\">\n\t\t\t\t<div class=\"elementor-widget-container\">\n\t\t\t\t\t<h2 class=\"elementor-heading-title elementor-size-default\">Pers\u00f6nliche Spenden\u00fcbergabe auf der Gr\u00fcnen Woche<\/h2>\t\t\t\t<\/div>\n\t\t\t\t<\/div>\n\t\t\t\t<div class=\"elementor-element elementor-element-d2644ea elementor-widget elementor-widget-text-editor\" data-id=\"d2644ea\" data-element_type=\"widget\" data-e-type=\"widget\" data-widget_type=\"text-editor.default\">\n\t\t\t\t<div class=\"elementor-widget-container\">\n\t\t\t\t\t\t\t\t\t<p data-start=\"745\" data-end=\"996\">Am <strong data-start=\"748\" data-end=\"767\">21. Januar 2026<\/strong> konnte ich im Rahmen der <strong data-start=\"793\" data-end=\"835\">Internationalen Gr\u00fcnen Woche in Berlin<\/strong> die Spendenurkunde pers\u00f6nlich an den <strong data-start=\"873\" data-end=\"931\">Landschafts-F\u00f6rderverein Nuthe-Nieplitz-Niederung e.V.<\/strong> \u00fcberreichen \u2013 und das auf der B\u00fchne von <strong data-start=\"972\" data-end=\"995\">Antenne Brandenburg<\/strong>.<\/p><p data-start=\"998\" data-end=\"1091\">Ein besonderer Moment, der zeigt: <strong data-start=\"1032\" data-end=\"1091\">Brauen mit Haltung funktioniert \u2013 wenn viele mitmachen.<\/strong><\/p><p data-start=\"1093\" data-end=\"1159\"><strong data-start=\"1093\" data-end=\"1159\">Spendensumme: 300\u202f\u20ac f\u00fcr den Wiesenbr\u00fcterschutz in Brandenburg.<\/strong><\/p><p data-start=\"1161\" data-end=\"1208\"><em data-start=\"1161\" data-end=\"1208\">(Fotos der \u00dcbergabe folgen unten im Beitrag.)<\/em><\/p>\t\t\t\t\t\t\t\t<\/div>\n\t\t\t\t<\/div>\n\t\t\t\t\t<\/div>\n\t\t<\/div>\n\t\t\t\t\t<\/div>\n\t\t<\/section>\n\t\t\t\t<section class=\"elementor-section elementor-top-section elementor-element elementor-element-dc2f483 elementor-section-boxed elementor-section-height-default elementor-section-height-default\" data-id=\"dc2f483\" data-element_type=\"section\" data-e-type=\"section\">\n\t\t\t\t\t\t<div class=\"elementor-container elementor-column-gap-default\">\n\t\t\t\t\t<div class=\"elementor-column elementor-col-100 elementor-top-column elementor-element elementor-element-ef7f2d1\" data-id=\"ef7f2d1\" data-element_type=\"column\" data-e-type=\"column\">\n\t\t\t<div class=\"elementor-widget-wrap elementor-element-populated\">\n\t\t\t\t\t\t<div class=\"elementor-element elementor-element-f6e11fb elementor-widget elementor-widget-heading\" data-id=\"f6e11fb\" data-element_type=\"widget\" data-e-type=\"widget\" data-widget_type=\"heading.default\">\n\t\t\t\t<div class=\"elementor-widget-container\">\n\t\t\t\t\t<h2 class=\"elementor-heading-title elementor-size-default\">Warum gerade der Kiebitz?<\/h2>\t\t\t\t<\/div>\n\t\t\t\t<\/div>\n\t\t\t\t<div class=\"elementor-element elementor-element-3785083 elementor-widget elementor-widget-text-editor\" data-id=\"3785083\" data-element_type=\"widget\" data-e-type=\"widget\" data-widget_type=\"text-editor.default\">\n\t\t\t\t<div class=\"elementor-widget-container\">\n\t\t\t\t\t\t\t\t\t<p class=\"\" data-start=\"1658\" data-end=\"1847\">Der Kiebitz ist ein typischer Bewohner der Feuchtwiesen Brandenburgs \u2013 sein markanter Flug, sein Ruf und sein R\u00fcckgang machen ihn zu einem Symbol f\u00fcr bedrohte Lebensr\u00e4ume. Mit dem Verkauf der Malzmischung wollten wir nicht nur ein charakterstarkes Bier erm\u00f6glichen, sondern auch ein klares Zeichen setzen: <strong data-start=\"1546\" data-end=\"1585\">Brauen kann mehr als nur schmecken.<\/strong><\/p>\t\t\t\t\t\t\t\t<\/div>\n\t\t\t\t<\/div>\n\t\t\t\t\t<\/div>\n\t\t<\/div>\n\t\t\t\t\t<\/div>\n\t\t<\/section>\n\t\t\t\t<section class=\"elementor-section elementor-top-section elementor-element elementor-element-601785e elementor-section-boxed elementor-section-height-default elementor-section-height-default\" data-id=\"601785e\" data-element_type=\"section\" data-e-type=\"section\">\n\t\t\t\t\t\t<div class=\"elementor-container elementor-column-gap-default\">\n\t\t\t\t\t<div class=\"elementor-column elementor-col-100 elementor-top-column elementor-element elementor-element-ca51b5b\" data-id=\"ca51b5b\" data-element_type=\"column\" data-e-type=\"column\">\n\t\t\t<div class=\"elementor-widget-wrap elementor-element-populated\">\n\t\t\t\t\t\t<div class=\"elementor-element elementor-element-187b724 elementor-widget elementor-widget-heading\" data-id=\"187b724\" data-element_type=\"widget\" data-e-type=\"widget\" data-widget_type=\"heading.default\">\n\t\t\t\t<div class=\"elementor-widget-container\">\n\t\t\t\t\t<h2 class=\"elementor-heading-title elementor-size-default\">Was wurde gespendet?<\/h2>\t\t\t\t<\/div>\n\t\t\t\t<\/div>\n\t\t\t\t<div class=\"elementor-element elementor-element-280f254 elementor-widget elementor-widget-text-editor\" data-id=\"280f254\" data-element_type=\"widget\" data-e-type=\"widget\" data-widget_type=\"text-editor.default\">\n\t\t\t\t<div class=\"elementor-widget-container\">\n\t\t\t\t\t\t\t\t\t<p class=\"\" data-start=\"2387\" data-end=\"2646\">Die Einnahmen aus der speziell entwickelten Malzmischung f\u00fcr das Naturschutzbier 2025 haben sich \u00fcber das Jahr gesammelt.<br data-start=\"1733\" data-end=\"1736\" \/><strong data-start=\"1736\" data-end=\"1745\">300\u202f\u20ac<\/strong> konnten wir am Jahresende an den Verein \u00fcbergeben \u2013 zur gezielten Unterst\u00fctzung von <strong data-start=\"1830\" data-end=\"1863\">Wiesenbr\u00fctern wie dem Kiebitz<\/strong> im <strong data-start=\"1867\" data-end=\"1895\">Naturpark Nuthe-Nieplitz<\/strong>.<\/p>\t\t\t\t\t\t\t\t<\/div>\n\t\t\t\t<\/div>\n\t\t\t\t\t<\/div>\n\t\t<\/div>\n\t\t\t\t\t<\/div>\n\t\t<\/section>\n\t\t\t\t<section class=\"elementor-section elementor-top-section elementor-element elementor-element-c96675c elementor-section-boxed elementor-section-height-default elementor-section-height-default\" data-id=\"c96675c\" data-element_type=\"section\" data-e-type=\"section\">\n\t\t\t\t\t\t<div class=\"elementor-container elementor-column-gap-default\">\n\t\t\t\t\t<div class=\"elementor-column elementor-col-100 elementor-top-column elementor-element elementor-element-5aee22b\" data-id=\"5aee22b\" data-element_type=\"column\" data-e-type=\"column\">\n\t\t\t<div class=\"elementor-widget-wrap elementor-element-populated\">\n\t\t\t\t\t\t<div class=\"elementor-element elementor-element-cc48d72 elementor-widget elementor-widget-heading\" data-id=\"cc48d72\" data-element_type=\"widget\" data-e-type=\"widget\" data-widget_type=\"heading.default\">\n\t\t\t\t<div class=\"elementor-widget-container\">\n\t\t\t\t\t<h2 class=\"elementor-heading-title elementor-size-default\">Danke an alle, die mitgemacht haben!<\/h2>\t\t\t\t<\/div>\n\t\t\t\t<\/div>\n\t\t\t\t<div class=\"elementor-element elementor-element-c616fef elementor-widget elementor-widget-text-editor\" data-id=\"c616fef\" data-element_type=\"widget\" data-e-type=\"widget\" data-widget_type=\"text-editor.default\">\n\t\t\t\t<div class=\"elementor-widget-container\">\n\t\t\t\t\t\t\t\t\t<p class=\"\" data-start=\"2703\" data-end=\"2839\">Ob 10, 20 oder 50 Liter \u2013 jeder, der diese Malzmischung verwendet hat, hat nicht nur ein feines Bier gebraut, sondern auch geholfen.<br data-start=\"2071\" data-end=\"2074\" \/>Danke an alle Kundinnen und Kunden, Braugruppen, Vereine und Braufreunde, die diese Aktion m\u00f6glich gemacht haben!<\/p>\t\t\t\t\t\t\t\t<\/div>\n\t\t\t\t<\/div>\n\t\t\t\t\t<\/div>\n\t\t<\/div>\n\t\t\t\t\t<\/div>\n\t\t<\/section>\n\t\t\t\t<section class=\"elementor-section elementor-top-section elementor-element elementor-element-21b9484 elementor-section-boxed elementor-section-height-default elementor-section-height-default\" data-id=\"21b9484\" data-element_type=\"section\" data-e-type=\"section\">\n\t\t\t\t\t\t<div class=\"elementor-container elementor-column-gap-default\">\n\t\t\t\t\t<div class=\"elementor-column elementor-col-100 elementor-top-column elementor-element elementor-element-9f0ec3a\" data-id=\"9f0ec3a\" data-element_type=\"column\" data-e-type=\"column\">\n\t\t\t<div class=\"elementor-widget-wrap elementor-element-populated\">\n\t\t\t\t\t\t<div class=\"elementor-element elementor-element-90ab345 elementor-widget elementor-widget-heading\" data-id=\"90ab345\" data-element_type=\"widget\" data-e-type=\"widget\" data-widget_type=\"heading.default\">\n\t\t\t\t<div class=\"elementor-widget-container\">\n\t\t\t\t\t<h2 class=\"elementor-heading-title elementor-size-default\">Und wie geht es weiter?<\/h2>\t\t\t\t<\/div>\n\t\t\t\t<\/div>\n\t\t\t\t<div class=\"elementor-element elementor-element-e182c1d elementor-widget elementor-widget-text-editor\" data-id=\"e182c1d\" data-element_type=\"widget\" data-e-type=\"widget\" data-widget_type=\"text-editor.default\">\n\t\t\t\t<div class=\"elementor-widget-container\">\n\t\t\t\t\t\t\t\t\t<p data-start=\"148\" data-end=\"403\">Auch <strong data-start=\"153\" data-end=\"161\">2026<\/strong> l\u00e4uft das Projekt <strong data-start=\"180\" data-end=\"199\">Naturschutzbier<\/strong> weiter \u2013 mit dem gleichen Ziel: Den Kiebitz sch\u00fctzen, Wiesenbr\u00fcter unterst\u00fctzen und mit jedem Braugang Gutes tun. Neue Spenden flie\u00dfen direkt an den Landschafts-F\u00f6rderverein Nuthe-Nieplitz-Niederung e.V.<\/p><p data-start=\"405\" data-end=\"461\">Mehr Infos zum aktuellen Stand folgen bald hier im Blog!<\/p>\t\t\t\t\t\t\t\t<\/div>\n\t\t\t\t<\/div>\n\t\t\t\t\t<\/div>\n\t\t<\/div>\n\t\t\t\t\t<\/div>\n\t\t<\/section>\n\t\t\t\t<section class=\"elementor-section elementor-top-section elementor-element elementor-element-2f5169d elementor-section-boxed elementor-section-height-default elementor-section-height-default\" data-id=\"2f5169d\" data-element_type=\"section\" data-e-type=\"section\">\n\t\t\t\t\t\t<div class=\"elementor-container elementor-column-gap-default\">\n\t\t\t\t\t<div class=\"elementor-column elementor-col-100 elementor-top-column elementor-element elementor-element-41c34d3\" data-id=\"41c34d3\" data-element_type=\"column\" data-e-type=\"column\">\n\t\t\t<div class=\"elementor-widget-wrap elementor-element-populated\">\n\t\t\t\t\t\t<div class=\"elementor-element elementor-element-322445a elementor-widget elementor-widget-heading\" data-id=\"322445a\" data-element_type=\"widget\" data-e-type=\"widget\" data-widget_type=\"heading.default\">\n\t\t\t\t<div class=\"elementor-widget-container\">\n\t\t\t\t\t<h4 class=\"elementor-heading-title elementor-size-default\">Bilder der \u00dcbergabe auf der Gr\u00fcnen Woche folgen hier:<\/h4>\t\t\t\t<\/div>\n\t\t\t\t<\/div>\n\t\t\t\t<div class=\"elementor-element elementor-element-30c75a9 elementor-widget elementor-widget-image\" data-id=\"30c75a9\" data-element_type=\"widget\" data-e-type=\"widget\" data-widget_type=\"image.default\">\n\t\t\t\t<div class=\"elementor-widget-container\">\n\t\t\t\t\t\t\t\t\t\t\t\t\t\t\t<img fetchpriority=\"high\" decoding=\"async\" width=\"800\" height=\"800\" src=\"https:\/\/gastro-brennecke.de\/blog\/wp-content\/uploads\/2026\/01\/spende-naturschutz-kiebitz-2.jpg\" class=\"attachment-large size-large wp-image-9450\" alt=\"Spenden \u00dcbergabe Naturschutzprojekt Kiebitz 2025\" srcset=\"https:\/\/gastro-brennecke.de\/blog\/wp-content\/uploads\/2026\/01\/spende-naturschutz-kiebitz-2.jpg 1024w, https:\/\/gastro-brennecke.de\/blog\/wp-content\/uploads\/2026\/01\/spende-naturschutz-kiebitz-2-300x300.jpg 300w, https:\/\/gastro-brennecke.de\/blog\/wp-content\/uploads\/2026\/01\/spende-naturschutz-kiebitz-2-150x150.jpg 150w, https:\/\/gastro-brennecke.de\/blog\/wp-content\/uploads\/2026\/01\/spende-naturschutz-kiebitz-2-768x768.jpg 768w\" sizes=\"(max-width: 800px) 100vw, 800px\" \/>\t\t\t\t\t\t\t\t\t\t\t\t\t\t\t<\/div>\n\t\t\t\t<\/div>\n\t\t\t\t<div class=\"elementor-element elementor-element-f88d942 elementor-widget elementor-widget-image\" data-id=\"f88d942\" data-element_type=\"widget\" data-e-type=\"widget\" data-widget_type=\"image.default\">\n\t\t\t\t<div class=\"elementor-widget-container\">\n\t\t\t\t\t\t\t\t\t\t\t\t\t\t\t<img decoding=\"async\" width=\"800\" height=\"800\" src=\"https:\/\/gastro-brennecke.de\/blog\/wp-content\/uploads\/2026\/01\/spende-naturschutz-kiebitz-1.jpg\" class=\"attachment-large size-large wp-image-9451\" alt=\"Naturschutzbier 2025 Spenden\u00fcbergabe\" srcset=\"https:\/\/gastro-brennecke.de\/blog\/wp-content\/uploads\/2026\/01\/spende-naturschutz-kiebitz-1.jpg 1024w, https:\/\/gastro-brennecke.de\/blog\/wp-content\/uploads\/2026\/01\/spende-naturschutz-kiebitz-1-300x300.jpg 300w, https:\/\/gastro-brennecke.de\/blog\/wp-content\/uploads\/2026\/01\/spende-naturschutz-kiebitz-1-150x150.jpg 150w, https:\/\/gastro-brennecke.de\/blog\/wp-content\/uploads\/2026\/01\/spende-naturschutz-kiebitz-1-768x768.jpg 768w\" sizes=\"(max-width: 800px) 100vw, 800px\" \/>\t\t\t\t\t\t\t\t\t\t\t\t\t\t\t<\/div>\n\t\t\t\t<\/div>\n\t\t\t\t\t<\/div>\n\t\t<\/div>\n\t\t\t\t\t<\/div>\n\t\t<\/section>\n\t\t\t\t<section class=\"elementor-section elementor-top-section elementor-element elementor-element-7c54bdb elementor-section-boxed elementor-section-height-default elementor-section-height-default\" data-id=\"7c54bdb\" data-element_type=\"section\" data-e-type=\"section\">\n\t\t\t\t\t\t<div class=\"elementor-container elementor-column-gap-default\">\n\t\t\t\t\t<div class=\"elementor-column elementor-col-100 elementor-top-column elementor-element elementor-element-cc7bf19\" data-id=\"cc7bf19\" data-element_type=\"column\" data-e-type=\"column\">\n\t\t\t<div class=\"elementor-widget-wrap elementor-element-populated\">\n\t\t\t\t\t\t<div class=\"elementor-element elementor-element-601180a elementor-widget elementor-widget-text-editor\" data-id=\"601180a\" data-element_type=\"widget\" data-e-type=\"widget\" data-widget_type=\"text-editor.default\">\n\t\t\t\t<div class=\"elementor-widget-container\">\n\t\t\t\t\t\t\t\t\t<p data-start=\"2802\" data-end=\"2851\"><strong data-start=\"2802\" data-end=\"2849\">Bier mit Haltung. Brauen mit Verantwortung.<\/strong><\/p><p data-start=\"2853\" data-end=\"2889\"><strong data-start=\"2853\" data-end=\"2889\">\u2013 Dein Team von Gastro Brennecke<\/strong><\/p>\t\t\t\t\t\t\t\t<\/div>\n\t\t\t\t<\/div>\n\t\t\t\t\t<\/div>\n\t\t<\/div>\n\t\t\t\t\t<\/div>\n\t\t<\/section>\n\t\t\t\t<section class=\"elementor-section elementor-top-section elementor-element elementor-element-7bd738b4 elementor-section-boxed elementor-section-height-default elementor-section-height-default\" data-id=\"7bd738b4\" data-element_type=\"section\" data-e-type=\"section\">\n\t\t\t\t\t\t<div class=\"elementor-container elementor-column-gap-default\">\n\t\t\t\t\t<div class=\"elementor-column elementor-col-100 elementor-top-column elementor-element elementor-element-7414782f\" data-id=\"7414782f\" data-element_type=\"column\" data-e-type=\"column\">\n\t\t\t<div class=\"elementor-widget-wrap elementor-element-populated\">\n\t\t\t\t\t\t<div class=\"elementor-element elementor-element-49a6dcf8 elementor-widget elementor-widget-post-navigation\" data-id=\"49a6dcf8\" data-element_type=\"widget\" data-e-type=\"widget\" data-widget_type=\"post-navigation.default\">\n\t\t\t\t<div class=\"elementor-widget-container\">\n\t\t\t\t\t\t\t<div class=\"elementor-post-navigation\" role=\"navigation\" aria-label=\"Beitrag Navigation\">\n\t\t\t<div class=\"elementor-post-navigation__prev elementor-post-navigation__link\">\n\t\t\t\t<a href=\"https:\/\/gastro-brennecke.de\/blog\/bier-selber-brauen\/bierglaeser-gravieren-so-wird-dein-selbstgebrautes-bier-zum-highlight\/\" rel=\"prev\"><span class=\"post-navigation__arrow-wrapper post-navigation__arrow-prev\"><i aria-hidden=\"true\" class=\"fas fa-angle-left\"><\/i><span class=\"elementor-screen-only\">Zur\u00fcck<\/span><\/span><span class=\"elementor-post-navigation__link__prev\"><span class=\"post-navigation__prev--title\">Biergl\u00e4ser gravieren: So wird dein selbstgebrautes Bier zum Highlight<\/span><\/span><\/a>\t\t\t<\/div>\n\t\t\t\t\t\t<div class=\"elementor-post-navigation__next elementor-post-navigation__link\">\n\t\t\t\t<a href=\"https:\/\/gastro-brennecke.de\/blog\/wissenswertes\/hbcon-2026-hobbybrauer-messe\/\" rel=\"next\"><span class=\"elementor-post-navigation__link__next\"><span class=\"post-navigation__next--title\">HBCon 2026 Hobbybrauer Messe Erfahrungen &#038; Einblicke<\/span><\/span><span class=\"post-navigation__arrow-wrapper post-navigation__arrow-next\"><i aria-hidden=\"true\" class=\"fas fa-angle-right\"><\/i><span class=\"elementor-screen-only\">N\u00e4chster<\/span><\/span><\/a>\t\t\t<\/div>\n\t\t<\/div>\n\t\t\t\t\t\t<\/div>\n\t\t\t\t<\/div>\n\t\t\t\t\t<\/div>\n\t\t<\/div>\n\t\t\t\t\t<\/div>\n\t\t<\/section>\n\t\t\t\t<section class=\"elementor-section elementor-top-section elementor-element elementor-element-79483cc0 elementor-section-boxed elementor-section-height-default elementor-section-height-default\" data-id=\"79483cc0\" data-element_type=\"section\" data-e-type=\"section\">\n\t\t\t\t\t\t<div class=\"elementor-container elementor-column-gap-default\">\n\t\t\t\t\t<div class=\"elementor-column elementor-col-100 elementor-top-column elementor-element elementor-element-669175ca\" data-id=\"669175ca\" data-element_type=\"column\" data-e-type=\"column\">\n\t\t\t<div class=\"elementor-widget-wrap elementor-element-populated\">\n\t\t\t\t\t\t\t<\/div>\n\t\t<\/div>\n\t\t\t\t\t<\/div>\n\t\t<\/section>\n\t\t\t\t<\/div>\n\t\t","protected":false},"excerpt":{"rendered":"<p>300\u202f\u20ac f\u00fcr den Naturschutz \u2013 Dank dem Naturschutzbier 2025 R\u00fcckblick auf ein besonderes Brauprojekt mit Wirkung Das Jahr 2025 stand bei uns ganz im Zeichen des Naturschutzbiers 2025 \u2013 einem Brauprojekt, das Genuss mit regionalem Engagement verbindet. Gemeinsam mit der Braumanufaktur Forsthaus Templin haben wir von Gastro Brennecke eine unterg\u00e4rige Malzmischung entwickelt, die dem Kiebitz, [&hellip;]<\/p>\n","protected":false},"author":3,"featured_media":9268,"comment_status":"open","ping_status":"open","sticky":false,"template":"","format":"standard","meta":{"footnotes":""},"categories":[12,6,1,21],"tags":[672,666,663,673,676,19,664,674,677,647,678,669,662,665,670,668,661,675,671,667],"class_list":["post-9448","post","type-post","status-publish","format-standard","has-post-thumbnail","hentry","category-anleitungen","category-bier-selber-brauen","category-news","category-wissenswertes","tag-artenschutzprojekt-brandenburg","tag-bier-brauen-brandenburg","tag-bier-fuer-den-guten-zweck","tag-bier-mit-botschaft","tag-bier-rezept-10l-20l-30l-50l","tag-bier-selber-brauen","tag-brauen-fuer-den-naturschutz","tag-braumanufaktur-forsthaus-templin","tag-fermentis-w-34-70","tag-gastro-brennecke","tag-hallertau-tradition-tettnanger","tag-hobbybrauen-mit-sinn","tag-kiebitz-bier","tag-malzmischung-kaufen","tag-malzmischung-untergaerig","tag-naturpark-nuthe-nieplitz","tag-naturschutzbier-2025","tag-rezept-untergaeriges-bier","tag-vogel-des-jahres-2024","tag-wiesenbrueterschutz"],"yoast_head":"<!-- This site is optimized with the Yoast SEO plugin v27.4 - https:\/\/yoast.com\/product\/yoast-seo-wordpress\/ -->\n<title>Naturschutzbier 2025 Spende Kiebitz 300 Euro - Gastro Brennecke Blog<\/title>\n<meta name=\"description\" content=\"Naturschutzbier 2025 unterst\u00fctzt den Kiebitz. Auf der Gr\u00fcnen Woche 2026 konnten wir 300 Euro f\u00fcr den Wiesenbr\u00fcterschutz \u00fcbergeben.\" \/>\n<meta name=\"robots\" content=\"index, follow, max-snippet:-1, max-image-preview:large, max-video-preview:-1\" \/>\n<link rel=\"canonical\" href=\"https:\/\/gastro-brennecke.de\/blog\/wissenswertes\/naturschutzbier-2025-spende-kiebitz-300-euro\/\" \/>\n<meta property=\"og:locale\" content=\"de_DE\" \/>\n<meta property=\"og:type\" content=\"article\" \/>\n<meta property=\"og:title\" content=\"Naturschutzbier 2025 Spende Kiebitz 300 Euro - Gastro Brennecke Blog\" \/>\n<meta property=\"og:description\" content=\"Naturschutzbier 2025 unterst\u00fctzt den Kiebitz. Auf der Gr\u00fcnen Woche 2026 konnten wir 300 Euro f\u00fcr den Wiesenbr\u00fcterschutz \u00fcbergeben.\" \/>\n<meta property=\"og:url\" content=\"https:\/\/gastro-brennecke.de\/blog\/wissenswertes\/naturschutzbier-2025-spende-kiebitz-300-euro\/\" \/>\n<meta property=\"og:site_name\" content=\"Gastro Brennecke Blog\" \/>\n<meta property=\"article:publisher\" content=\"https:\/\/www.facebook.com\/gastrobrennecke\" \/>\n<meta property=\"article:published_time\" content=\"2026-01-23T14:04:46+00:00\" \/>\n<meta property=\"article:modified_time\" content=\"2026-04-12T14:39:09+00:00\" \/>\n<meta property=\"og:image\" content=\"https:\/\/gastro-brennecke.de\/blog\/wp-content\/uploads\/2025\/03\/malzmischung-naturschutzbier.jpg\" \/>\n\t<meta property=\"og:image:width\" content=\"1200\" \/>\n\t<meta property=\"og:image:height\" content=\"1200\" \/>\n\t<meta property=\"og:image:type\" content=\"image\/jpeg\" \/>\n<meta name=\"author\" content=\"Nico Brennecke\" \/>\n<meta name=\"twitter:card\" content=\"summary_large_image\" \/>\n<meta name=\"twitter:creator\" content=\"@GastroBrennecke\" \/>\n<meta name=\"twitter:site\" content=\"@GastroBrennecke\" \/>\n<meta name=\"twitter:label1\" content=\"Verfasst von\" \/>\n\t<meta name=\"twitter:data1\" content=\"Nico Brennecke\" \/>\n\t<meta name=\"twitter:label2\" content=\"Gesch\u00e4tzte Lesezeit\" \/>\n\t<meta name=\"twitter:data2\" content=\"3\u00a0Minuten\" \/>\n<script type=\"application\/ld+json\" class=\"yoast-schema-graph\">{\"@context\":\"https:\\\/\\\/schema.org\",\"@graph\":[{\"@type\":\"Article\",\"@id\":\"https:\\\/\\\/gastro-brennecke.de\\\/blog\\\/wissenswertes\\\/naturschutzbier-2025-spende-kiebitz-300-euro\\\/#article\",\"isPartOf\":{\"@id\":\"https:\\\/\\\/gastro-brennecke.de\\\/blog\\\/wissenswertes\\\/naturschutzbier-2025-spende-kiebitz-300-euro\\\/\"},\"author\":{\"name\":\"Nico Brennecke\",\"@id\":\"https:\\\/\\\/gastro-brennecke.de\\\/blog\\\/#\\\/schema\\\/person\\\/f08b921dc43532d46c5935307f76c2d5\"},\"headline\":\"Naturschutzbier 2025 Spende Kiebitz 300 Euro\",\"datePublished\":\"2026-01-23T14:04:46+00:00\",\"dateModified\":\"2026-04-12T14:39:09+00:00\",\"mainEntityOfPage\":{\"@id\":\"https:\\\/\\\/gastro-brennecke.de\\\/blog\\\/wissenswertes\\\/naturschutzbier-2025-spende-kiebitz-300-euro\\\/\"},\"wordCount\":360,\"commentCount\":0,\"publisher\":{\"@id\":\"https:\\\/\\\/gastro-brennecke.de\\\/blog\\\/#organization\"},\"image\":{\"@id\":\"https:\\\/\\\/gastro-brennecke.de\\\/blog\\\/wissenswertes\\\/naturschutzbier-2025-spende-kiebitz-300-euro\\\/#primaryimage\"},\"thumbnailUrl\":\"https:\\\/\\\/gastro-brennecke.de\\\/blog\\\/wp-content\\\/uploads\\\/2025\\\/03\\\/malzmischung-naturschutzbier.jpg?wsr\",\"keywords\":[\"Artenschutzprojekt Brandenburg\",\"Bier brauen Brandenburg\",\"Bier f\u00fcr den guten Zweck\",\"Bier mit Botschaft\",\"Bier Rezept 10l 20l 30l 50l\",\"Bier selber brauen\",\"Brauen f\u00fcr den Naturschutz\",\"Braumanufaktur Forsthaus Templin\",\"Fermentis W-34\\\/70\",\"Gastro Brennecke\",\"Hallertau Tradition Tettnanger\",\"Hobbybrauen mit Sinn\",\"Kiebitz Bier\",\"Malzmischung kaufen\",\"Malzmischung unterg\u00e4rig\",\"Naturpark Nuthe-Nieplitz\",\"Naturschutzbier 2025\",\"Rezept unterg\u00e4riges Bier\",\"Vogel des Jahres 2024\",\"Wiesenbr\u00fcterschutz\"],\"articleSection\":[\"Anleitungen\",\"Bier selber brauen\",\"News\",\"Wissenswertes\"],\"inLanguage\":\"de\",\"potentialAction\":[{\"@type\":\"CommentAction\",\"name\":\"Comment\",\"target\":[\"https:\\\/\\\/gastro-brennecke.de\\\/blog\\\/wissenswertes\\\/naturschutzbier-2025-spende-kiebitz-300-euro\\\/#respond\"]}]},{\"@type\":\"WebPage\",\"@id\":\"https:\\\/\\\/gastro-brennecke.de\\\/blog\\\/wissenswertes\\\/naturschutzbier-2025-spende-kiebitz-300-euro\\\/\",\"url\":\"https:\\\/\\\/gastro-brennecke.de\\\/blog\\\/wissenswertes\\\/naturschutzbier-2025-spende-kiebitz-300-euro\\\/\",\"name\":\"Naturschutzbier 2025 Spende Kiebitz 300 Euro - Gastro Brennecke Blog\",\"isPartOf\":{\"@id\":\"https:\\\/\\\/gastro-brennecke.de\\\/blog\\\/#website\"},\"primaryImageOfPage\":{\"@id\":\"https:\\\/\\\/gastro-brennecke.de\\\/blog\\\/wissenswertes\\\/naturschutzbier-2025-spende-kiebitz-300-euro\\\/#primaryimage\"},\"image\":{\"@id\":\"https:\\\/\\\/gastro-brennecke.de\\\/blog\\\/wissenswertes\\\/naturschutzbier-2025-spende-kiebitz-300-euro\\\/#primaryimage\"},\"thumbnailUrl\":\"https:\\\/\\\/gastro-brennecke.de\\\/blog\\\/wp-content\\\/uploads\\\/2025\\\/03\\\/malzmischung-naturschutzbier.jpg?wsr\",\"datePublished\":\"2026-01-23T14:04:46+00:00\",\"dateModified\":\"2026-04-12T14:39:09+00:00\",\"description\":\"Naturschutzbier 2025 unterst\u00fctzt den Kiebitz. Auf der Gr\u00fcnen Woche 2026 konnten wir 300 Euro f\u00fcr den Wiesenbr\u00fcterschutz \u00fcbergeben.\",\"breadcrumb\":{\"@id\":\"https:\\\/\\\/gastro-brennecke.de\\\/blog\\\/wissenswertes\\\/naturschutzbier-2025-spende-kiebitz-300-euro\\\/#breadcrumb\"},\"inLanguage\":\"de\",\"potentialAction\":[{\"@type\":\"ReadAction\",\"target\":[\"https:\\\/\\\/gastro-brennecke.de\\\/blog\\\/wissenswertes\\\/naturschutzbier-2025-spende-kiebitz-300-euro\\\/\"]}]},{\"@type\":\"ImageObject\",\"inLanguage\":\"de\",\"@id\":\"https:\\\/\\\/gastro-brennecke.de\\\/blog\\\/wissenswertes\\\/naturschutzbier-2025-spende-kiebitz-300-euro\\\/#primaryimage\",\"url\":\"https:\\\/\\\/gastro-brennecke.de\\\/blog\\\/wp-content\\\/uploads\\\/2025\\\/03\\\/malzmischung-naturschutzbier.jpg?wsr\",\"contentUrl\":\"https:\\\/\\\/gastro-brennecke.de\\\/blog\\\/wp-content\\\/uploads\\\/2025\\\/03\\\/malzmischung-naturschutzbier.jpg?wsr\",\"width\":1200,\"height\":1200},{\"@type\":\"BreadcrumbList\",\"@id\":\"https:\\\/\\\/gastro-brennecke.de\\\/blog\\\/wissenswertes\\\/naturschutzbier-2025-spende-kiebitz-300-euro\\\/#breadcrumb\",\"itemListElement\":[{\"@type\":\"ListItem\",\"position\":1,\"name\":\"Startseite\",\"item\":\"https:\\\/\\\/gastro-brennecke.de\\\/blog\\\/\"},{\"@type\":\"ListItem\",\"position\":2,\"name\":\"Naturschutzbier 2025 Spende Kiebitz 300 Euro\"}]},{\"@type\":\"WebSite\",\"@id\":\"https:\\\/\\\/gastro-brennecke.de\\\/blog\\\/#website\",\"url\":\"https:\\\/\\\/gastro-brennecke.de\\\/blog\\\/\",\"name\":\"Gastro Brennecke Blog\",\"description\":\"Bier selber brauen | Schank &amp; Zapfanlagen - Gastro Brennecke\",\"publisher\":{\"@id\":\"https:\\\/\\\/gastro-brennecke.de\\\/blog\\\/#organization\"},\"potentialAction\":[{\"@type\":\"SearchAction\",\"target\":{\"@type\":\"EntryPoint\",\"urlTemplate\":\"https:\\\/\\\/gastro-brennecke.de\\\/blog\\\/?s={search_term_string}\"},\"query-input\":{\"@type\":\"PropertyValueSpecification\",\"valueRequired\":true,\"valueName\":\"search_term_string\"}}],\"inLanguage\":\"de\"},{\"@type\":\"Organization\",\"@id\":\"https:\\\/\\\/gastro-brennecke.de\\\/blog\\\/#organization\",\"name\":\"Gastro Brennecke Blog\",\"url\":\"https:\\\/\\\/gastro-brennecke.de\\\/blog\\\/\",\"logo\":{\"@type\":\"ImageObject\",\"inLanguage\":\"de\",\"@id\":\"https:\\\/\\\/gastro-brennecke.de\\\/blog\\\/#\\\/schema\\\/logo\\\/image\\\/\",\"url\":\"https:\\\/\\\/gastro-brennecke.de\\\/blog\\\/wp-content\\\/uploads\\\/2020\\\/11\\\/2020-brennecke-logo.png?wsr\",\"contentUrl\":\"https:\\\/\\\/gastro-brennecke.de\\\/blog\\\/wp-content\\\/uploads\\\/2020\\\/11\\\/2020-brennecke-logo.png?wsr\",\"width\":462,\"height\":136,\"caption\":\"Gastro Brennecke Blog\"},\"image\":{\"@id\":\"https:\\\/\\\/gastro-brennecke.de\\\/blog\\\/#\\\/schema\\\/logo\\\/image\\\/\"},\"sameAs\":[\"https:\\\/\\\/www.facebook.com\\\/gastrobrennecke\",\"https:\\\/\\\/x.com\\\/GastroBrennecke\",\"https:\\\/\\\/www.linkedin.com\\\/in\\\/nico-brennecke-770a64217\\\/\",\"https:\\\/\\\/www.pinterest.de\\\/bierbrauen\",\"https:\\\/\\\/www.youtube.com\\\/user\\\/gastrokomplett\"]},{\"@type\":\"Person\",\"@id\":\"https:\\\/\\\/gastro-brennecke.de\\\/blog\\\/#\\\/schema\\\/person\\\/f08b921dc43532d46c5935307f76c2d5\",\"name\":\"Nico Brennecke\",\"pronouns\":\"er\\\/ihm\",\"image\":{\"@type\":\"ImageObject\",\"inLanguage\":\"de\",\"@id\":\"https:\\\/\\\/secure.gravatar.com\\\/avatar\\\/265753c7995506fcc19fd4b8a2ce9183d2515b32050fd9a3548bd671d9f7ca1a?s=96&d=mm&r=g\",\"url\":\"https:\\\/\\\/secure.gravatar.com\\\/avatar\\\/265753c7995506fcc19fd4b8a2ce9183d2515b32050fd9a3548bd671d9f7ca1a?s=96&d=mm&r=g\",\"contentUrl\":\"https:\\\/\\\/secure.gravatar.com\\\/avatar\\\/265753c7995506fcc19fd4b8a2ce9183d2515b32050fd9a3548bd671d9f7ca1a?s=96&d=mm&r=g\",\"caption\":\"Nico Brennecke\"},\"description\":\"Ich bin Nico Brennecke, Experte f\u00fcr Hobbybrauen und Schanktechnik und Inhaber von Gastro Brennecke mit \u00fcber 15 Jahren Erfahrung. Unser Familienunternehmen besteht seit \u00fcber 40 Jahren und hat sich auf alles rund ums Bier brauen, Zapfanlagen und Ausschanktechnik spezialisiert. Vom Einsteiger bis zur Gastronomie unterst\u00fctze ich t\u00e4glich Kunden bei der Auswahl der passenden Technik und Zutaten. Besonders wichtig ist mir, dass unsere Produkte nicht nur verkauft, sondern auch verstanden werden. Deshalb findest du in unserer Wissenswelt, im Blog und im Lexikon zahlreiche Anleitungen, Tipps und Hintergrundwissen aus der Praxis. Durch meine Erfahrung aus tausenden Kundenprojekten wei\u00df ich genau, worauf es beim Bier brauen und beim perfekten Ausschank wirklich ankommt. Wenn du Fragen rund ums Bier brauen oder Zapfanlagen hast, findest du hier im Blog viele praktische Anleitungen aus der Praxis. Mehr \u00fcber mich erf\u00e4hrst du hier: Zur Expertenseite\",\"sameAs\":[\"https:\\\/\\\/gastro-brennecke.de\\\/nico-brennecke-experte-hobbybrauen-schanktechnik\\\/\"],\"url\":\"https:\\\/\\\/gastro-brennecke.de\\\/blog\\\/author\\\/nico\\\/\"}]}<\/script>\n<!-- \/ Yoast SEO plugin. -->","yoast_head_json":{"title":"Naturschutzbier 2025 Spende Kiebitz 300 Euro - Gastro Brennecke Blog","description":"Naturschutzbier 2025 unterst\u00fctzt den Kiebitz. Auf der Gr\u00fcnen Woche 2026 konnten wir 300 Euro f\u00fcr den Wiesenbr\u00fcterschutz \u00fcbergeben.","robots":{"index":"index","follow":"follow","max-snippet":"max-snippet:-1","max-image-preview":"max-image-preview:large","max-video-preview":"max-video-preview:-1"},"canonical":"https:\/\/gastro-brennecke.de\/blog\/wissenswertes\/naturschutzbier-2025-spende-kiebitz-300-euro\/","og_locale":"de_DE","og_type":"article","og_title":"Naturschutzbier 2025 Spende Kiebitz 300 Euro - Gastro Brennecke Blog","og_description":"Naturschutzbier 2025 unterst\u00fctzt den Kiebitz. Auf der Gr\u00fcnen Woche 2026 konnten wir 300 Euro f\u00fcr den Wiesenbr\u00fcterschutz \u00fcbergeben.","og_url":"https:\/\/gastro-brennecke.de\/blog\/wissenswertes\/naturschutzbier-2025-spende-kiebitz-300-euro\/","og_site_name":"Gastro Brennecke Blog","article_publisher":"https:\/\/www.facebook.com\/gastrobrennecke","article_published_time":"2026-01-23T14:04:46+00:00","article_modified_time":"2026-04-12T14:39:09+00:00","og_image":[{"width":1200,"height":1200,"url":"https:\/\/gastro-brennecke.de\/blog\/wp-content\/uploads\/2025\/03\/malzmischung-naturschutzbier.jpg","type":"image\/jpeg"}],"author":"Nico Brennecke","twitter_card":"summary_large_image","twitter_creator":"@GastroBrennecke","twitter_site":"@GastroBrennecke","twitter_misc":{"Verfasst von":"Nico Brennecke","Gesch\u00e4tzte Lesezeit":"3\u00a0Minuten"},"schema":{"@context":"https:\/\/schema.org","@graph":[{"@type":"Article","@id":"https:\/\/gastro-brennecke.de\/blog\/wissenswertes\/naturschutzbier-2025-spende-kiebitz-300-euro\/#article","isPartOf":{"@id":"https:\/\/gastro-brennecke.de\/blog\/wissenswertes\/naturschutzbier-2025-spende-kiebitz-300-euro\/"},"author":{"name":"Nico Brennecke","@id":"https:\/\/gastro-brennecke.de\/blog\/#\/schema\/person\/f08b921dc43532d46c5935307f76c2d5"},"headline":"Naturschutzbier 2025 Spende Kiebitz 300 Euro","datePublished":"2026-01-23T14:04:46+00:00","dateModified":"2026-04-12T14:39:09+00:00","mainEntityOfPage":{"@id":"https:\/\/gastro-brennecke.de\/blog\/wissenswertes\/naturschutzbier-2025-spende-kiebitz-300-euro\/"},"wordCount":360,"commentCount":0,"publisher":{"@id":"https:\/\/gastro-brennecke.de\/blog\/#organization"},"image":{"@id":"https:\/\/gastro-brennecke.de\/blog\/wissenswertes\/naturschutzbier-2025-spende-kiebitz-300-euro\/#primaryimage"},"thumbnailUrl":"https:\/\/gastro-brennecke.de\/blog\/wp-content\/uploads\/2025\/03\/malzmischung-naturschutzbier.jpg?wsr","keywords":["Artenschutzprojekt Brandenburg","Bier brauen Brandenburg","Bier f\u00fcr den guten Zweck","Bier mit Botschaft","Bier Rezept 10l 20l 30l 50l","Bier selber brauen","Brauen f\u00fcr den Naturschutz","Braumanufaktur Forsthaus Templin","Fermentis W-34\/70","Gastro Brennecke","Hallertau Tradition Tettnanger","Hobbybrauen mit Sinn","Kiebitz Bier","Malzmischung kaufen","Malzmischung unterg\u00e4rig","Naturpark Nuthe-Nieplitz","Naturschutzbier 2025","Rezept unterg\u00e4riges Bier","Vogel des Jahres 2024","Wiesenbr\u00fcterschutz"],"articleSection":["Anleitungen","Bier selber brauen","News","Wissenswertes"],"inLanguage":"de","potentialAction":[{"@type":"CommentAction","name":"Comment","target":["https:\/\/gastro-brennecke.de\/blog\/wissenswertes\/naturschutzbier-2025-spende-kiebitz-300-euro\/#respond"]}]},{"@type":"WebPage","@id":"https:\/\/gastro-brennecke.de\/blog\/wissenswertes\/naturschutzbier-2025-spende-kiebitz-300-euro\/","url":"https:\/\/gastro-brennecke.de\/blog\/wissenswertes\/naturschutzbier-2025-spende-kiebitz-300-euro\/","name":"Naturschutzbier 2025 Spende Kiebitz 300 Euro - Gastro Brennecke Blog","isPartOf":{"@id":"https:\/\/gastro-brennecke.de\/blog\/#website"},"primaryImageOfPage":{"@id":"https:\/\/gastro-brennecke.de\/blog\/wissenswertes\/naturschutzbier-2025-spende-kiebitz-300-euro\/#primaryimage"},"image":{"@id":"https:\/\/gastro-brennecke.de\/blog\/wissenswertes\/naturschutzbier-2025-spende-kiebitz-300-euro\/#primaryimage"},"thumbnailUrl":"https:\/\/gastro-brennecke.de\/blog\/wp-content\/uploads\/2025\/03\/malzmischung-naturschutzbier.jpg?wsr","datePublished":"2026-01-23T14:04:46+00:00","dateModified":"2026-04-12T14:39:09+00:00","description":"Naturschutzbier 2025 unterst\u00fctzt den Kiebitz. Auf der Gr\u00fcnen Woche 2026 konnten wir 300 Euro f\u00fcr den Wiesenbr\u00fcterschutz \u00fcbergeben.","breadcrumb":{"@id":"https:\/\/gastro-brennecke.de\/blog\/wissenswertes\/naturschutzbier-2025-spende-kiebitz-300-euro\/#breadcrumb"},"inLanguage":"de","potentialAction":[{"@type":"ReadAction","target":["https:\/\/gastro-brennecke.de\/blog\/wissenswertes\/naturschutzbier-2025-spende-kiebitz-300-euro\/"]}]},{"@type":"ImageObject","inLanguage":"de","@id":"https:\/\/gastro-brennecke.de\/blog\/wissenswertes\/naturschutzbier-2025-spende-kiebitz-300-euro\/#primaryimage","url":"https:\/\/gastro-brennecke.de\/blog\/wp-content\/uploads\/2025\/03\/malzmischung-naturschutzbier.jpg?wsr","contentUrl":"https:\/\/gastro-brennecke.de\/blog\/wp-content\/uploads\/2025\/03\/malzmischung-naturschutzbier.jpg?wsr","width":1200,"height":1200},{"@type":"BreadcrumbList","@id":"https:\/\/gastro-brennecke.de\/blog\/wissenswertes\/naturschutzbier-2025-spende-kiebitz-300-euro\/#breadcrumb","itemListElement":[{"@type":"ListItem","position":1,"name":"Startseite","item":"https:\/\/gastro-brennecke.de\/blog\/"},{"@type":"ListItem","position":2,"name":"Naturschutzbier 2025 Spende Kiebitz 300 Euro"}]},{"@type":"WebSite","@id":"https:\/\/gastro-brennecke.de\/blog\/#website","url":"https:\/\/gastro-brennecke.de\/blog\/","name":"Gastro Brennecke Blog","description":"Bier selber brauen | Schank &amp; Zapfanlagen - Gastro Brennecke","publisher":{"@id":"https:\/\/gastro-brennecke.de\/blog\/#organization"},"potentialAction":[{"@type":"SearchAction","target":{"@type":"EntryPoint","urlTemplate":"https:\/\/gastro-brennecke.de\/blog\/?s={search_term_string}"},"query-input":{"@type":"PropertyValueSpecification","valueRequired":true,"valueName":"search_term_string"}}],"inLanguage":"de"},{"@type":"Organization","@id":"https:\/\/gastro-brennecke.de\/blog\/#organization","name":"Gastro Brennecke Blog","url":"https:\/\/gastro-brennecke.de\/blog\/","logo":{"@type":"ImageObject","inLanguage":"de","@id":"https:\/\/gastro-brennecke.de\/blog\/#\/schema\/logo\/image\/","url":"https:\/\/gastro-brennecke.de\/blog\/wp-content\/uploads\/2020\/11\/2020-brennecke-logo.png?wsr","contentUrl":"https:\/\/gastro-brennecke.de\/blog\/wp-content\/uploads\/2020\/11\/2020-brennecke-logo.png?wsr","width":462,"height":136,"caption":"Gastro Brennecke Blog"},"image":{"@id":"https:\/\/gastro-brennecke.de\/blog\/#\/schema\/logo\/image\/"},"sameAs":["https:\/\/www.facebook.com\/gastrobrennecke","https:\/\/x.com\/GastroBrennecke","https:\/\/www.linkedin.com\/in\/nico-brennecke-770a64217\/","https:\/\/www.pinterest.de\/bierbrauen","https:\/\/www.youtube.com\/user\/gastrokomplett"]},{"@type":"Person","@id":"https:\/\/gastro-brennecke.de\/blog\/#\/schema\/person\/f08b921dc43532d46c5935307f76c2d5","name":"Nico Brennecke","pronouns":"er\/ihm","image":{"@type":"ImageObject","inLanguage":"de","@id":"https:\/\/secure.gravatar.com\/avatar\/265753c7995506fcc19fd4b8a2ce9183d2515b32050fd9a3548bd671d9f7ca1a?s=96&d=mm&r=g","url":"https:\/\/secure.gravatar.com\/avatar\/265753c7995506fcc19fd4b8a2ce9183d2515b32050fd9a3548bd671d9f7ca1a?s=96&d=mm&r=g","contentUrl":"https:\/\/secure.gravatar.com\/avatar\/265753c7995506fcc19fd4b8a2ce9183d2515b32050fd9a3548bd671d9f7ca1a?s=96&d=mm&r=g","caption":"Nico Brennecke"},"description":"Ich bin Nico Brennecke, Experte f\u00fcr Hobbybrauen und Schanktechnik und Inhaber von Gastro Brennecke mit \u00fcber 15 Jahren Erfahrung. Unser Familienunternehmen besteht seit \u00fcber 40 Jahren und hat sich auf alles rund ums Bier brauen, Zapfanlagen und Ausschanktechnik spezialisiert. Vom Einsteiger bis zur Gastronomie unterst\u00fctze ich t\u00e4glich Kunden bei der Auswahl der passenden Technik und Zutaten. Besonders wichtig ist mir, dass unsere Produkte nicht nur verkauft, sondern auch verstanden werden. Deshalb findest du in unserer Wissenswelt, im Blog und im Lexikon zahlreiche Anleitungen, Tipps und Hintergrundwissen aus der Praxis. Durch meine Erfahrung aus tausenden Kundenprojekten wei\u00df ich genau, worauf es beim Bier brauen und beim perfekten Ausschank wirklich ankommt. Wenn du Fragen rund ums Bier brauen oder Zapfanlagen hast, findest du hier im Blog viele praktische Anleitungen aus der Praxis. Mehr \u00fcber mich erf\u00e4hrst du hier: Zur Expertenseite","sameAs":["https:\/\/gastro-brennecke.de\/nico-brennecke-experte-hobbybrauen-schanktechnik\/"],"url":"https:\/\/gastro-brennecke.de\/blog\/author\/nico\/"}]}},"_links":{"self":[{"href":"https:\/\/gastro-brennecke.de\/blog\/wp-json\/wp\/v2\/posts\/9448","targetHints":{"allow":["GET"]}}],"collection":[{"href":"https:\/\/gastro-brennecke.de\/blog\/wp-json\/wp\/v2\/posts"}],"about":[{"href":"https:\/\/gastro-brennecke.de\/blog\/wp-json\/wp\/v2\/types\/post"}],"author":[{"embeddable":true,"href":"https:\/\/gastro-brennecke.de\/blog\/wp-json\/wp\/v2\/users\/3"}],"replies":[{"embeddable":true,"href":"https:\/\/gastro-brennecke.de\/blog\/wp-json\/wp\/v2\/comments?post=9448"}],"version-history":[{"count":4,"href":"https:\/\/gastro-brennecke.de\/blog\/wp-json\/wp\/v2\/posts\/9448\/revisions"}],"predecessor-version":[{"id":9454,"href":"https:\/\/gastro-brennecke.de\/blog\/wp-json\/wp\/v2\/posts\/9448\/revisions\/9454"}],"wp:featuredmedia":[{"embeddable":true,"href":"https:\/\/gastro-brennecke.de\/blog\/wp-json\/wp\/v2\/media\/9268"}],"wp:attachment":[{"href":"https:\/\/gastro-brennecke.de\/blog\/wp-json\/wp\/v2\/media?parent=9448"}],"wp:term":[{"taxonomy":"category","embeddable":true,"href":"https:\/\/gastro-brennecke.de\/blog\/wp-json\/wp\/v2\/categories?post=9448"},{"taxonomy":"post_tag","embeddable":true,"href":"https:\/\/gastro-brennecke.de\/blog\/wp-json\/wp\/v2\/tags?post=9448"}],"curies":[{"name":"wp","href":"https:\/\/api.w.org\/{rel}","templated":true}]}}