{"id":4466,"date":"2022-04-19T12:32:12","date_gmt":"2022-04-19T10:32:12","guid":{"rendered":"https:\/\/gastro-brennecke.de\/blog\/?p=4466"},"modified":"2026-04-12T16:39:13","modified_gmt":"2026-04-12T14:39:13","slug":"tag-des-deutschen-bieres-2","status":"publish","type":"post","link":"https:\/\/gastro-brennecke.de\/blog\/news\/tag-des-deutschen-bieres-2\/","title":{"rendered":"Tag des deutschen Bieres"},"content":{"rendered":"\t\t<div data-elementor-type=\"wp-post\" data-elementor-id=\"4466\" class=\"elementor elementor-4466\" data-elementor-post-type=\"post\">\n\t\t\t\t\t\t<section class=\"elementor-section elementor-top-section elementor-element elementor-element-1e2e04c3 elementor-section-boxed elementor-section-height-default elementor-section-height-default\" data-id=\"1e2e04c3\" data-element_type=\"section\" data-e-type=\"section\">\n\t\t\t\t\t\t<div class=\"elementor-container elementor-column-gap-default\">\n\t\t\t\t\t<div class=\"elementor-column elementor-col-100 elementor-top-column elementor-element elementor-element-11d63e94\" data-id=\"11d63e94\" data-element_type=\"column\" data-e-type=\"column\">\n\t\t\t<div class=\"elementor-widget-wrap elementor-element-populated\">\n\t\t\t\t\t\t<div class=\"elementor-element elementor-element-56ee78e4 elementor-widget elementor-widget-heading\" data-id=\"56ee78e4\" data-element_type=\"widget\" data-e-type=\"widget\" data-widget_type=\"heading.default\">\n\t\t\t\t<div class=\"elementor-widget-container\">\n\t\t\t\t\t<h1 class=\"elementor-heading-title elementor-size-default\">Zum Tag des deutschen Bieres <\/h1>\t\t\t\t<\/div>\n\t\t\t\t<\/div>\n\t\t\t\t<div class=\"elementor-element elementor-element-1e5655a7 elementor-widget elementor-widget-text-editor\" data-id=\"1e5655a7\" data-element_type=\"widget\" data-e-type=\"widget\" data-widget_type=\"text-editor.default\">\n\t\t\t\t<div class=\"elementor-widget-container\">\n\t\t\t\t\t\t\t\t\t<p><em><span class=\"TextRun SCXW219531096 BCX0\" lang=\"DE\" xml:lang=\"DE\" data-contrast=\"auto\"><span class=\"NormalTextRun SCXW219531096 BCX0\">Der 23. April ist der Tag des deutschen Bieres. Ein traditioneller Feiertag f\u00fcr viele Brauereien, die an diesem Tag auf die Verk\u00fcndung des Reinheitsgebotes von 1516 zur\u00fcckblicken. Der Tag, an dem beschlossen wurde, dass in das Bier nichts weiter au\u00dfer Hopf<\/span><span class=\"NormalTextRun SCXW219531096 BCX0\">en, Malz, Hefe und Wasser geh\u00f6rt. Wie <\/span><span class=\"NormalTextRun SCXW219531096 BCX0\">es \u00fcberhaupt<\/span><span class=\"NormalTextRun SCXW219531096 BCX0\"> dazu kam, dass das deutsche Bier noch heute \u00fcber seine Landesgrenzen hinweg f\u00fcr seine Qualit\u00e4t, die nicht zuletzt im Reinheitsgebot begr\u00fcndet ist, bekannt ist &#8211; hier im Beitrag. Ein Klassiker zum Selberbra<\/span><span class=\"NormalTextRun SCXW219531096 BCX0\">uen samt Rezept darf <\/span><span class=\"NormalTextRun SCXW219531096 BCX0\">nat\u00fcrlich auch<\/span><span class=\"NormalTextRun SCXW219531096 BCX0\"> nicht fehlen. Wenn das kein Grund zum Feiern <\/span><span class=\"NormalTextRun SCXW219531096 BCX0\">ist<\/span><span class=\"NormalTextRun SCXW219531096 BCX0\"> \ud83d\ude42\u00a0<\/span><\/span><span class=\"EOP SCXW219531096 BCX0\" data-ccp-props=\"{&quot;201341983&quot;:0,&quot;335559740&quot;:276}\">\u00a0<\/span><\/em><\/p>\t\t\t\t\t\t\t\t<\/div>\n\t\t\t\t<\/div>\n\t\t\t\t\t<\/div>\n\t\t<\/div>\n\t\t\t\t\t<\/div>\n\t\t<\/section>\n\t\t\t\t<section class=\"elementor-section elementor-top-section elementor-element elementor-element-59c12713 elementor-section-boxed elementor-section-height-default elementor-section-height-default\" data-id=\"59c12713\" data-element_type=\"section\" data-e-type=\"section\">\n\t\t\t\t\t\t<div class=\"elementor-container elementor-column-gap-default\">\n\t\t\t\t\t<div class=\"elementor-column elementor-col-100 elementor-top-column elementor-element elementor-element-128a4df7\" data-id=\"128a4df7\" data-element_type=\"column\" data-e-type=\"column\">\n\t\t\t<div class=\"elementor-widget-wrap elementor-element-populated\">\n\t\t\t\t\t\t<div class=\"elementor-element elementor-element-60185100 elementor-widget elementor-widget-heading\" data-id=\"60185100\" data-element_type=\"widget\" data-e-type=\"widget\" data-widget_type=\"heading.default\">\n\t\t\t\t<div class=\"elementor-widget-container\">\n\t\t\t\t\t<h2 class=\"elementor-heading-title elementor-size-default\">Das Reinheitsgebot - Qualit\u00e4tssiegel bis heute <\/h2>\t\t\t\t<\/div>\n\t\t\t\t<\/div>\n\t\t\t\t<div class=\"elementor-element elementor-element-4713839b elementor-widget elementor-widget-text-editor\" data-id=\"4713839b\" data-element_type=\"widget\" data-e-type=\"widget\" data-widget_type=\"text-editor.default\">\n\t\t\t\t<div class=\"elementor-widget-container\">\n\t\t\t\t\t\t\t\t\t<p><span data-contrast=\"auto\">Was urspr\u00fcnglich aus der Not heraus &#8211; oder aus Gr\u00fcnden der Gesundheitsvorsorge &#8211; entstand, pr\u00e4gt bis heute die Qualit\u00e4t des deutschen Bieres. Hopfen, Malz und Hefe &#8211; ausschlie\u00dflich diese Zutaten d\u00fcrfen in das Bier. Auch wenn dieser Grundsatz im Laufe der letzten Jahre durch den Siegeszug der Craftbiere wieder etwas gelockert wurde &#8211; so ist doch <strong>aus dem Reinheitsgebot heraus die wahre Kunst des Bierbrauens erst entstanden<\/strong>. Die Kunst, aus nur drei Zutaten verschiedene Geschm\u00e4cker und Biere zu kreieren. In Deutschland sind das allein \u00fcber 6000 unterschiedliche Sorten. Nicht in das Bier geh\u00f6ren: Farbstoffe, Konservierer, Aromastoffe. Nur ein Bier, dass diesen Anspr\u00fcchen gen\u00fcgt, darf sich \u201cgebraut nach deutschem Reinheitsgebot\u201d auf das Etikett schreiben.<\/span><span data-ccp-props=\"{&quot;201341983&quot;:0,&quot;335559740&quot;:276}\">\u00a0<\/span><\/p><p><span data-ccp-props=\"{&quot;201341983&quot;:0,&quot;335559740&quot;:276}\">\u00a0<\/span><span data-contrast=\"auto\">Im Jahr 1516 war das Reinheitsgebot notwendiger Gesundheitsschutz. Schlie\u00dflich wurde vorher alles, was nicht niet und nagelfest war, mit verbraut. <strong>Bl\u00e4tter, Kr\u00e4uter, Fliegenpilze<\/strong> &#8211; in das Bier kam alles, was sich auf Wald und Feld fand. Nicht selten mit unangenehmen und ungewollten Folgen f\u00fcr Leib und Leben. Der Erlass, der 1516 in Ingolstadt verk\u00fcndet wurde, hie\u00df damals allerdings noch nicht Reinheitsgebot, sondern war Teil einer neuen Landesordnung.<\/span><span data-ccp-props=\"{&quot;201341983&quot;:0,&quot;335559740&quot;:276}\">\u00a0<\/span><\/p>\t\t\t\t\t\t\t\t<\/div>\n\t\t\t\t<\/div>\n\t\t\t\t<div class=\"elementor-element elementor-element-6f14dc9 elementor-widget elementor-widget-heading\" data-id=\"6f14dc9\" data-element_type=\"widget\" data-e-type=\"widget\" data-widget_type=\"heading.default\">\n\t\t\t\t<div class=\"elementor-widget-container\">\n\t\t\t\t\t<h2 class=\"elementor-heading-title elementor-size-default\">Der erste Tag des deutschen Bieres am 23. April 1516 <\/h2>\t\t\t\t<\/div>\n\t\t\t\t<\/div>\n\t\t\t\t<div class=\"elementor-element elementor-element-8dd228d elementor-widget elementor-widget-text-editor\" data-id=\"8dd228d\" data-element_type=\"widget\" data-e-type=\"widget\" data-widget_type=\"text-editor.default\">\n\t\t\t\t<div class=\"elementor-widget-container\">\n\t\t\t\t\t\t\t\t\t<p><span data-contrast=\"auto\">Die Herz\u00f6ge Wilhelm IV. und Ludwig X. aus Bayern wollten das zu der Zeit unsaubere Bierbrauen unterbinden und verk\u00fcndeten am 23. April, dass Bier ab sofort nur aus Hopfen, Malz und Wasser bestehen darf. Die Hefe? Zu der Zeit wussten die Bierbrauer noch nicht wirklich, wie die Wirkung der Hefe ist. Da Hefen T<strong>eil der Umgebungsluft<\/strong> sind, wird das Gebr\u00e4u auch ohne einen Extrazusatz an Hefe zu Bier. Es dauert nur l\u00e4nger. Mit eigens gez\u00fcchteten Hefen wurde erst in sp\u00e4teren Jahren eine gleichbleibende Qualit\u00e4t des Bieres gesichert und der Brauprozess erheblich erleichtert.<\/span><span data-ccp-props=\"{&quot;201341983&quot;:0,&quot;335559740&quot;:276}\">\u00a0<\/span><\/p><p><span data-ccp-props=\"{&quot;201341983&quot;:0,&quot;335559740&quot;:276}\">\u00a0<\/span><span data-contrast=\"none\">\u201e<\/span><i><span data-contrast=\"none\">Wir wollen auch sonderlichen, das f\u00fcran allenthalben in unnsern Steten, M\u00e4rckten und auf dem Lannde, zu kainem Pier merer St\u00fcckh, dann allain Gersten, Hopffen unnd Wasser, genommen und gepraucht sollen werden.<\/span><\/i><span data-contrast=\"none\">\u201c <\/span>\u00a0<br \/><span data-contrast=\"none\">(Auszug aus der Landesordnung von 1516 und der wohl meist zitierte Satz in Zusammenhang mit dem deutschen Reinheitsgebot)<\/span><span data-ccp-props=\"{&quot;201341983&quot;:0,&quot;335559740&quot;:276}\">\u00a0<\/span><\/p><p><span data-ccp-props=\"{&quot;201341983&quot;:0,&quot;335559740&quot;:276}\">\u00a0<\/span><span data-contrast=\"auto\">\u00dcbrigens geh\u00f6rt das deutsche Reinheitsgebot zu den \u00e4ltesten <strong>Lebensmittelgesetzen<\/strong> und ist konsequenter Verbraucherschutz.<\/span><span data-ccp-props=\"{&quot;201341983&quot;:0,&quot;335559740&quot;:276}\">\u00a0<\/span><\/p>\t\t\t\t\t\t\t\t<\/div>\n\t\t\t\t<\/div>\n\t\t\t\t<div class=\"elementor-element elementor-element-241ad31 elementor-widget elementor-widget-heading\" data-id=\"241ad31\" data-element_type=\"widget\" data-e-type=\"widget\" data-widget_type=\"heading.default\">\n\t\t\t\t<div class=\"elementor-widget-container\">\n\t\t\t\t\t<h2 class=\"elementor-heading-title elementor-size-default\">Das Vorl\u00e4ufige Biergesetz von 1993 <\/h2>\t\t\t\t<\/div>\n\t\t\t\t<\/div>\n\t\t\t\t<div class=\"elementor-element elementor-element-02404a0 elementor-widget elementor-widget-text-editor\" data-id=\"02404a0\" data-element_type=\"widget\" data-e-type=\"widget\" data-widget_type=\"text-editor.default\">\n\t\t\t\t<div class=\"elementor-widget-container\">\n\t\t\t\t\t\t\t\t\t<p><span data-contrast=\"auto\">Der Begriff Reinheitsgebot wurde erst im Jahr 1918 verwendet. Seit 1993 ist das Reinheitsgebot Teil des sogenannten Vorl\u00e4ufigen Biergesetztes. <strong>Hier wurden die Vorschriften an den Brauprozess von unterg\u00e4rigem und oberg\u00e4rigem Bier festgelegt.<\/strong> Pils als das klassische unterg\u00e4rige Bier darf zum Beispiel ausschlie\u00dflich mit Hopfen, Hefe, Gerstenmalz und Wasser gebraut werden. F\u00fcr oberg\u00e4rige Biere wie das Weizenbier darf der Braumeister auch andere Malzsorten verwenden.\u00a0<\/span><span data-ccp-props=\"{&quot;201341983&quot;:0,&quot;335559740&quot;:276}\">\u00a0<\/span><\/p><p><span data-contrast=\"auto\">Zus\u00e4tzlich gibt es Ausnahmeregelungen f\u00fcr besondere Biere, von der bayerische Biersorten allerdings ausgeschlossen sind. Die Ausnahmeregelung besagt, dass traditionelle Biere, die in ihrer Art und Weise schon jahrhundertelang gebraut werden, <strong>vom Reinheitsgebot abweichen d\u00fcrfen<\/strong>. Beispiele sind die Braunschweiger Mumme, die Leipziger Gose oder die Berliner Wei\u00dfe. F\u00fcr die Herstellung dieser Traditionsbiere d\u00fcrfen bestimmte Kr\u00e4uter, Gew\u00fcrze oder Fr\u00fcchte verwendet werden. Beispielsweise enth\u00e4lt die Leipziger Gose, die schon bei der napoleonischen Besatzung beliebt war, Koriander und Salz.\u00a0<\/span><span data-ccp-props=\"{&quot;201341983&quot;:0,&quot;335559740&quot;:276}\">\u00a0<\/span><\/p>\t\t\t\t\t\t\t\t<\/div>\n\t\t\t\t<\/div>\n\t\t\t\t<div class=\"elementor-element elementor-element-dc8160d elementor-widget elementor-widget-heading\" data-id=\"dc8160d\" data-element_type=\"widget\" data-e-type=\"widget\" data-widget_type=\"heading.default\">\n\t\t\t\t<div class=\"elementor-widget-container\">\n\t\t\t\t\t<h2 class=\"elementor-heading-title elementor-size-default\">Der Tag des deutschen Bieres <\/h2>\t\t\t\t<\/div>\n\t\t\t\t<\/div>\n\t\t\t\t<div class=\"elementor-element elementor-element-b8442a8 elementor-widget elementor-widget-text-editor\" data-id=\"b8442a8\" data-element_type=\"widget\" data-e-type=\"widget\" data-widget_type=\"text-editor.default\">\n\t\t\t\t<div class=\"elementor-widget-container\">\n\t\t\t\t\t\t\t\t\t<p><span class=\"TextRun SCXW228783963 BCX0\" lang=\"DE\" xml:lang=\"DE\" data-contrast=\"auto\"><span class=\"NormalTextRun SCXW228783963 BCX0\">Der Tag des de<\/span><span class=\"NormalTextRun SCXW228783963 BCX0\">utschen Bieres wird von vielen Brauereien zelebriert. Einige brauen ein extra Festtagsbier, andere bieten Tage der offenen T\u00fcr, einen <\/span><span class=\"NormalTextRun SpellingErrorV2 SCXW228783963 BCX0\">Braukurs<\/span><span class=\"NormalTextRun SCXW228783963 BCX0\"> oder kleine Bierfeste in Ihren Brauh\u00e4usern an. Traditionell gefeiert wird der Tag des Bieres &#8211; oder eigentlich ri<\/span><span class=\"NormalTextRun SCXW228783963 BCX0\">chtiger: Der Tag des deutschen Reinheitsgebots &#8211; erst seit dem Jahr 1995.<\/span><\/span><span class=\"LineBreakBlob BlobObject DragDrop SCXW228783963 BCX0\"><span class=\"SCXW228783963 BCX0\">\u00a0<\/span><br class=\"SCXW228783963 BCX0\" \/><\/span><strong><span class=\"TextRun MacChromeBold SCXW228783963 BCX0\" lang=\"DE\" xml:lang=\"DE\" data-contrast=\"auto\"><span class=\"NormalTextRun SCXW228783963 BCX0\">Der 23. April wurde in dem Jahr 1995 offiziell zum Tag des deutschen Bieres erkl\u00e4rt<\/span><\/span><\/strong><span class=\"TextRun SCXW228783963 BCX0\" lang=\"DE\" xml:lang=\"DE\" data-contrast=\"auto\"><span class=\"NormalTextRun SCXW228783963 BCX0\"><strong>.<\/strong>\u00a0<\/span><\/span><span class=\"EOP SCXW228783963 BCX0\" data-ccp-props=\"{&quot;201341983&quot;:0,&quot;335559740&quot;:276}\">\u00a0<\/span><\/p>\t\t\t\t\t\t\t\t<\/div>\n\t\t\t\t<\/div>\n\t\t\t\t<div class=\"elementor-element elementor-element-861fe7c elementor-widget elementor-widget-heading\" data-id=\"861fe7c\" data-element_type=\"widget\" data-e-type=\"widget\" data-widget_type=\"heading.default\">\n\t\t\t\t<div class=\"elementor-widget-container\">\n\t\t\t\t\t<h2 class=\"elementor-heading-title elementor-size-default\">Auf dem Bierfass sitzen: So ging Qualit\u00e4tspr\u00fcfung anno dazumal <\/h2>\t\t\t\t<\/div>\n\t\t\t\t<\/div>\n\t\t\t\t<div class=\"elementor-element elementor-element-79114a2 elementor-widget elementor-widget-text-editor\" data-id=\"79114a2\" data-element_type=\"widget\" data-e-type=\"widget\" data-widget_type=\"text-editor.default\">\n\t\t\t\t<div class=\"elementor-widget-container\">\n\t\t\t\t\t\t\t\t\t<p><span data-contrast=\"auto\">Auch vor der Einf\u00fchrung des Reinheitsgebotes wurde die Qualit\u00e4t des Frischgebrauten gepr\u00fcft. Diese \u201cPr\u00fcfung\u201d sah allerdings ein bisschen anders aus als heute.\u00a0<\/span><span data-ccp-props=\"{&quot;201341983&quot;:0,&quot;335559740&quot;:276}\">\u00a0<\/span><\/p><p><span data-contrast=\"auto\">Die Methode: Eine Holzbank wurde mit frischgebrautem Bier bestrichen. Die Herren vom \u201cPr\u00fcfausschuss\u201d setzten sich mit ihren Lederhosen auf diese Bank und mussten dort einige Stunden sitzen bleiben. <strong>Blieb beim Aufstehen die Lederhose an der Bank haften &#8211; dann war das Bier in Ordnung.<\/strong> Schlecht sah es hingegen f\u00fcr den Bierbrauer aus, wenn die Bank nicht kleben blieb &#8211; dann wurde dieser f\u00fcr sein unbrauchbares Gebr\u00e4u bestraft.<\/span><span data-ccp-props=\"{&quot;201341983&quot;:0,&quot;335559740&quot;:276}\">\u00a0<\/span><\/p>\t\t\t\t\t\t\t\t<\/div>\n\t\t\t\t<\/div>\n\t\t\t\t<div class=\"elementor-element elementor-element-0579d2f elementor-widget elementor-widget-heading\" data-id=\"0579d2f\" data-element_type=\"widget\" data-e-type=\"widget\" data-widget_type=\"heading.default\">\n\t\t\t\t<div class=\"elementor-widget-container\">\n\t\t\t\t\t<h2 class=\"elementor-heading-title elementor-size-default\">Geschmacksvielfalt mit nur drei Zutaten? <\/h2>\t\t\t\t<\/div>\n\t\t\t\t<\/div>\n\t\t\t\t<div class=\"elementor-element elementor-element-822f5b5 elementor-widget elementor-widget-text-editor\" data-id=\"822f5b5\" data-element_type=\"widget\" data-e-type=\"widget\" data-widget_type=\"text-editor.default\">\n\t\t\t\t<div class=\"elementor-widget-container\">\n\t\t\t\t\t\t\t\t\t<p><span data-contrast=\"auto\">Da noch heute nach dem Reinheitsgebot gebraut wird, besteht das Bier in der Regel aus nicht mehr als den drei Zutaten. Oder auch vier, rechnen wir das Wasser dazu. Dass die vielen Biersorten dennoch verschieden schmecken, das liegt an der <strong>Hopfenart<\/strong>, an dem <strong>Brauprozess<\/strong>, der <strong>Malzart<\/strong> oder der <strong>Malzverarbeitung<\/strong>. Und auch das Brauwasser beeinflusst den Geschmack des Bieres. Mal schmeckt es malziger, mal hopfiger und je nach Hopfensorte auch mit einer fruchtigen Note. Beim Bierbrauen sind die F\u00e4higkeiten des Braumeisters gefragt, seine Erfahrung und nat\u00fcrlich sein Geschmackssinn. Das Bierbrauen bleibt etwas Besonderes und ein Bier, das nach dem Reinheitsgebot gebraut wurde, ein Lebensmittel, das zwingend frei von synthetischen Zus\u00e4tzen ist. Qualit\u00e4t eben.\u00a0<\/span><span data-ccp-props=\"{&quot;201341983&quot;:0,&quot;335559740&quot;:276}\">\u00a0<\/span><\/p><p><span data-ccp-props=\"{&quot;201341983&quot;:0,&quot;335559740&quot;:276}\">\u00a0<\/span><span data-contrast=\"auto\">Qualit\u00e4t beim Brauen ist auch eine Devise f\u00fcr den Hobbybrauer. Denn Bierbrauen geht auch zuhause. Mit <\/span><a href=\"https:\/\/gastro-brennecke.de\/diy-sets\/\"><span data-contrast=\"none\">Bierbrausets<\/span><\/a><span data-contrast=\"auto\"> kann sich jeder an diese Kunst heranwagen. Mit fertigen Malzmischungen und guten wie einfachen Rezepturen schmeckt es dann auch &#8211; das erste selbstgebraute Bier.<\/span><span data-ccp-props=\"{&quot;201341983&quot;:0,&quot;335559740&quot;:276}\">\u00a0<\/span><\/p>\t\t\t\t\t\t\t\t<\/div>\n\t\t\t\t<\/div>\n\t\t\t\t<div class=\"elementor-element elementor-element-4ec9748 elementor-widget elementor-widget-heading\" data-id=\"4ec9748\" data-element_type=\"widget\" data-e-type=\"widget\" data-widget_type=\"heading.default\">\n\t\t\t\t<div class=\"elementor-widget-container\">\n\t\t\t\t\t<h2 class=\"elementor-heading-title elementor-size-default\">Einen Klassiker selber brauen zum Tag des deutschen Bieres <\/h2>\t\t\t\t<\/div>\n\t\t\t\t<\/div>\n\t\t\t\t<div class=\"elementor-element elementor-element-79b6b9e elementor-widget elementor-widget-text-editor\" data-id=\"79b6b9e\" data-element_type=\"widget\" data-e-type=\"widget\" data-widget_type=\"text-editor.default\">\n\t\t\t\t<div class=\"elementor-widget-container\">\n\t\t\t\t\t\t\t\t\t<p><span class=\"TextRun SCXW92575260 BCX0\" lang=\"DE\" xml:lang=\"DE\" data-contrast=\"auto\"><span class=\"NormalTextRun SCXW92575260 BCX0\">Der Klas<\/span><span class=\"NormalTextRun SCXW92575260 BCX0\">siker unter den Bieren ist wohl das Pils. <strong>Das beliebteste deutsche Bier und dies nicht nur national, sondern auch international<\/strong>. Der <\/span><span class=\"NormalTextRun SpellingErrorV2 SCXW92575260 BCX0\">Bierstil<\/span><span class=\"NormalTextRun SCXW92575260 BCX0\"> Pils stammt eigentlich aus Tschechien, wurde aber mithilfe eines bayerischen Braumeisters zu dem Pils gemacht, das<\/span><span class=\"NormalTextRun SCXW92575260 BCX0\"> wir heute kennen und sch\u00e4tzen. Mehr als die H\u00e4lfte der in Deutschland getrunkenen Biere sind unterg\u00e4rige Biere Pilsener <\/span><span class=\"NormalTextRun SCXW92575260 BCX0\">Brauart<\/span><span class=\"NormalTextRun SCXW92575260 BCX0\">, kurz Pils. F\u00fcr Hobbybrauer liegt es also nahe, an diesem Tag den Klassiker selbst zu brauen:<\/span><\/span><span class=\"EOP SCXW92575260 BCX0\" data-ccp-props=\"{&quot;201341983&quot;:0,&quot;335559740&quot;:276}\">\u00a0<\/span><\/p>\t\t\t\t\t\t\t\t<\/div>\n\t\t\t\t<\/div>\n\t\t\t\t<div class=\"elementor-element elementor-element-c7d7369 elementor-widget elementor-widget-heading\" data-id=\"c7d7369\" data-element_type=\"widget\" data-e-type=\"widget\" data-widget_type=\"heading.default\">\n\t\t\t\t<div class=\"elementor-widget-container\">\n\t\t\t\t\t<h2 class=\"elementor-heading-title elementor-size-default\">Das Bier zum Feiertag <\/h2>\t\t\t\t<\/div>\n\t\t\t\t<\/div>\n\t\t\t\t<div class=\"elementor-element elementor-element-22669c3 elementor-widget elementor-widget-text-editor\" data-id=\"22669c3\" data-element_type=\"widget\" data-e-type=\"widget\" data-widget_type=\"text-editor.default\">\n\t\t\t\t<div class=\"elementor-widget-container\">\n\t\t\t\t\t\t\t\t\t<p><span data-contrast=\"auto\">Unser klassisches Pils ist ein frisches, leicht herbes und spritziges Bier. Das Pilsrezept unserer Sommeli\u00e8re ist mit 4,4 Prozent Alkohol und einer Stammw\u00fcrze von 11,9 Prozent angenehm mild.<\/span><span data-ccp-props=\"{&quot;201341983&quot;:0,&quot;335559740&quot;:276}\">\u00a0<\/span><\/p><p><span data-contrast=\"auto\">F\u00fcr die Sch\u00fcttung verwenden Hobbybrauer 4 kg Pilsener Malz. Diese Menge reicht f\u00fcr einen Ansatz von rund 20 Liter Pils. Weitere Zutaten sind der Hopfen <\/span><a href=\"https:\/\/gastro-brennecke.de\/de\/hopfen-hopfenpellets-hallertau-tradition-4-2-alpha-100g.html\"><span data-contrast=\"none\">Hallertauer Tradition<\/span><\/a><span data-contrast=\"auto\"> sowie unterg\u00e4rige Hefe. Klassisch, minimalistisch und gut! Probieren? Unbedingt!<\/span><span data-ccp-props=\"{&quot;201341983&quot;:0,&quot;335559740&quot;:276}\">\u00a0<\/span><\/p><p><span data-contrast=\"auto\">Hier geht es zum kompletten Rezept: <\/span><a href=\"https:\/\/gastro-brennecke.de\/blog\/rezepturen\/pils-bier-rezept\/\"><span data-contrast=\"none\">Rezept Pils Gastro Brennecke<\/span><\/a><span data-ccp-props=\"{&quot;201341983&quot;:0,&quot;335559740&quot;:276}\">\u00a0<\/span><\/p><p><span data-contrast=\"auto\">Zum Pils schmeckt hervorragend Schnitzel, Bratwurst, eine deftige Brotzeit, R\u00e4ucherfisch oder herzhafter K\u00e4se.\u00a0<\/span><span data-ccp-props=\"{&quot;201341983&quot;:0,&quot;335559740&quot;:276}\">\u00a0<\/span><\/p><p><span data-ccp-props=\"{&quot;201341983&quot;:0,&quot;335559740&quot;:276}\">\u00a0<\/span><i><span data-contrast=\"auto\">Prost &#8211; und einen spritzigen Tag des deutschen Bieres<\/span><\/i><span data-ccp-props=\"{&quot;201341983&quot;:0,&quot;335559740&quot;:276}\">\u00a0<\/span><\/p>\t\t\t\t\t\t\t\t<\/div>\n\t\t\t\t<\/div>\n\t\t\t\t<div class=\"elementor-element elementor-element-33b4594a elementor-cta--layout-image-left elementor-cta--skin-classic elementor-animated-content elementor-bg-transform elementor-bg-transform-zoom-in elementor-widget elementor-widget-call-to-action\" data-id=\"33b4594a\" data-element_type=\"widget\" data-e-type=\"widget\" data-widget_type=\"call-to-action.default\">\n\t\t\t\t<div class=\"elementor-widget-container\">\n\t\t\t\t\t\t\t<div class=\"elementor-cta\">\n\t\t\t\t\t<div class=\"elementor-cta__bg-wrapper\">\n\t\t\t\t<div class=\"elementor-cta__bg elementor-bg\" style=\"background-image: url(https:\/\/gastro-brennecke.de\/blog\/wp-content\/uploads\/2022\/04\/Bier-selbst-herstellen--1024x1024.jpg);\" role=\"img\" aria-label=\"Bier selbst herstellen\"><\/div>\n\t\t\t\t<div class=\"elementor-cta__bg-overlay\"><\/div>\n\t\t\t<\/div>\n\t\t\t\t\t\t\t<div class=\"elementor-cta__content\">\n\t\t\t\t\n\t\t\t\t\t\t\t\t\t<h2 class=\"elementor-cta__title elementor-cta__content-item elementor-content-item\">\n\t\t\t\t\t\tBrau dir dein eigenes Bier!\t\t\t\t\t<\/h2>\n\t\t\t\t\n\t\t\t\t\t\t\t\t\t<div class=\"elementor-cta__description elementor-cta__content-item elementor-content-item\">\n\t\t\t\t\t\tHol dir unser ultimatives Bierbraubuch f\u00fcr Anf\u00e4nger!\t\t\t\t\t<\/div>\n\t\t\t\t\n\t\t\t\t\t\t\t\t\t<div class=\"elementor-cta__button-wrapper elementor-cta__content-item elementor-content-item \">\n\t\t\t\t\t<a class=\"elementor-cta__button elementor-button elementor-size-\" href=\"https:\/\/bierbrauen-fuer-anfaenger.de\/\">\n\t\t\t\t\t\tHier klicken\t\t\t\t\t<\/a>\n\t\t\t\t\t<\/div>\n\t\t\t\t\t\t\t<\/div>\n\t\t\t\t\t\t<\/div>\n\t\t\t\t\t\t<\/div>\n\t\t\t\t<\/div>\n\t\t\t\t\t<\/div>\n\t\t<\/div>\n\t\t\t\t\t<\/div>\n\t\t<\/section>\n\t\t\t\t<section class=\"elementor-section elementor-top-section elementor-element elementor-element-66894dad elementor-section-boxed elementor-section-height-default elementor-section-height-default\" data-id=\"66894dad\" data-element_type=\"section\" data-e-type=\"section\">\n\t\t\t\t\t\t<div class=\"elementor-container elementor-column-gap-default\">\n\t\t\t\t\t<div class=\"elementor-column elementor-col-100 elementor-top-column elementor-element elementor-element-3f250e59\" data-id=\"3f250e59\" data-element_type=\"column\" data-e-type=\"column\">\n\t\t\t<div class=\"elementor-widget-wrap elementor-element-populated\">\n\t\t\t\t\t\t<div class=\"elementor-element elementor-element-2c087894 elementor-widget elementor-widget-post-navigation\" data-id=\"2c087894\" data-element_type=\"widget\" data-e-type=\"widget\" data-widget_type=\"post-navigation.default\">\n\t\t\t\t<div class=\"elementor-widget-container\">\n\t\t\t\t\t\t\t<div class=\"elementor-post-navigation\" role=\"navigation\" aria-label=\"Beitrag Navigation\">\n\t\t\t<div class=\"elementor-post-navigation__prev elementor-post-navigation__link\">\n\t\t\t\t<a href=\"https:\/\/gastro-brennecke.de\/blog\/news\/rund-ums-vatertagsbier\/\" rel=\"prev\"><span class=\"post-navigation__arrow-wrapper post-navigation__arrow-prev\"><i aria-hidden=\"true\" class=\"fas fa-angle-left\"><\/i><span class=\"elementor-screen-only\">Zur\u00fcck<\/span><\/span><span class=\"elementor-post-navigation__link__prev\"><span class=\"post-navigation__prev--title\">Rund ums Vatertagsbier<\/span><\/span><\/a>\t\t\t<\/div>\n\t\t\t\t\t\t<div class=\"elementor-post-navigation__next elementor-post-navigation__link\">\n\t\t\t\t<a href=\"https:\/\/gastro-brennecke.de\/blog\/news\/kellerbier-im-stilportrait\/\" rel=\"next\"><span class=\"elementor-post-navigation__link__next\"><span class=\"post-navigation__next--title\">Aus dem Fass direkt in die Schank &#8211; Kellerbier im Stilportrait<\/span><\/span><span class=\"post-navigation__arrow-wrapper post-navigation__arrow-next\"><i aria-hidden=\"true\" class=\"fas fa-angle-right\"><\/i><span class=\"elementor-screen-only\">N\u00e4chster<\/span><\/span><\/a>\t\t\t<\/div>\n\t\t<\/div>\n\t\t\t\t\t\t<\/div>\n\t\t\t\t<\/div>\n\t\t\t\t\t<\/div>\n\t\t<\/div>\n\t\t\t\t\t<\/div>\n\t\t<\/section>\n\t\t\t\t<section class=\"elementor-section elementor-top-section elementor-element elementor-element-5afa8a32 elementor-section-boxed elementor-section-height-default elementor-section-height-default\" data-id=\"5afa8a32\" data-element_type=\"section\" data-e-type=\"section\">\n\t\t\t\t\t\t<div class=\"elementor-container elementor-column-gap-default\">\n\t\t\t\t\t<div class=\"elementor-column elementor-col-100 elementor-top-column elementor-element elementor-element-42c5d6af\" data-id=\"42c5d6af\" data-element_type=\"column\" data-e-type=\"column\">\n\t\t\t<div class=\"elementor-widget-wrap elementor-element-populated\">\n\t\t\t\t\t\t\t<\/div>\n\t\t<\/div>\n\t\t\t\t\t<\/div>\n\t\t<\/section>\n\t\t\t\t<\/div>\n\t\t","protected":false},"excerpt":{"rendered":"<p>Zum Tag des deutschen Bieres Der 23. April ist der Tag des deutschen Bieres. Ein traditioneller Feiertag f\u00fcr viele Brauereien, die an diesem Tag auf die Verk\u00fcndung des Reinheitsgebotes von 1516 zur\u00fcckblicken. Der Tag, an dem beschlossen wurde, dass in das Bier nichts weiter au\u00dfer Hopfen, Malz, Hefe und Wasser geh\u00f6rt. Wie es \u00fcberhaupt dazu [&hellip;]<\/p>\n","protected":false},"author":3,"featured_media":3122,"comment_status":"open","ping_status":"open","sticky":false,"template":"","format":"standard","meta":{"footnotes":""},"categories":[1,21],"tags":[232,230,231],"class_list":["post-4466","post","type-post","status-publish","format-standard","has-post-thumbnail","hentry","category-news","category-wissenswertes","tag-deutschesreinheitsgebot","tag-tagdesdeutschenbieres","tag-vorlaeufigesbiergesetz"],"yoast_head":"<!-- This site is optimized with the Yoast SEO plugin v27.4 - https:\/\/yoast.com\/product\/yoast-seo-wordpress\/ -->\n<title>Tag des deutschen Bieres - Gastro Brennecke Blog<\/title>\n<meta name=\"description\" content=\"Am 23.04. ist der Tag des deutschen Bieres. Warum? Das und weiteres wie z.b. Interessantes zum vorl\u00e4ufigen Biergesetz findest du hier!\" \/>\n<meta name=\"robots\" content=\"index, follow, max-snippet:-1, max-image-preview:large, max-video-preview:-1\" \/>\n<link rel=\"canonical\" href=\"https:\/\/gastro-brennecke.de\/blog\/news\/tag-des-deutschen-bieres-2\/\" \/>\n<meta property=\"og:locale\" content=\"de_DE\" \/>\n<meta property=\"og:type\" content=\"article\" \/>\n<meta property=\"og:title\" content=\"Tag des deutschen Bieres - Gastro Brennecke Blog\" \/>\n<meta property=\"og:description\" content=\"Am 23.04. ist der Tag des deutschen Bieres. Warum? Das und weiteres wie z.b. Interessantes zum vorl\u00e4ufigen Biergesetz findest du hier!\" \/>\n<meta property=\"og:url\" content=\"https:\/\/gastro-brennecke.de\/blog\/news\/tag-des-deutschen-bieres-2\/\" \/>\n<meta property=\"og:site_name\" content=\"Gastro Brennecke Blog\" \/>\n<meta property=\"article:publisher\" content=\"https:\/\/www.facebook.com\/gastrobrennecke\" \/>\n<meta property=\"article:published_time\" content=\"2022-04-19T10:32:12+00:00\" \/>\n<meta property=\"article:modified_time\" content=\"2026-04-12T14:39:13+00:00\" \/>\n<meta property=\"og:image\" content=\"https:\/\/gastro-brennecke.de\/blog\/wp-content\/uploads\/2022\/04\/Tag-d.-Dt.-Bieres-.jpg\" \/>\n\t<meta property=\"og:image:width\" content=\"1200\" \/>\n\t<meta property=\"og:image:height\" content=\"1200\" \/>\n\t<meta property=\"og:image:type\" content=\"image\/jpeg\" \/>\n<meta name=\"author\" content=\"Nico Brennecke\" \/>\n<meta name=\"twitter:card\" content=\"summary_large_image\" \/>\n<meta name=\"twitter:creator\" content=\"@GastroBrennecke\" \/>\n<meta name=\"twitter:site\" content=\"@GastroBrennecke\" \/>\n<meta name=\"twitter:label1\" content=\"Verfasst von\" \/>\n\t<meta name=\"twitter:data1\" content=\"Nico Brennecke\" \/>\n\t<meta name=\"twitter:label2\" content=\"Gesch\u00e4tzte Lesezeit\" \/>\n\t<meta name=\"twitter:data2\" content=\"7\u00a0Minuten\" \/>\n<script type=\"application\/ld+json\" class=\"yoast-schema-graph\">{\"@context\":\"https:\\\/\\\/schema.org\",\"@graph\":[{\"@type\":\"Article\",\"@id\":\"https:\\\/\\\/gastro-brennecke.de\\\/blog\\\/news\\\/tag-des-deutschen-bieres-2\\\/#article\",\"isPartOf\":{\"@id\":\"https:\\\/\\\/gastro-brennecke.de\\\/blog\\\/news\\\/tag-des-deutschen-bieres-2\\\/\"},\"author\":{\"name\":\"Nico Brennecke\",\"@id\":\"https:\\\/\\\/gastro-brennecke.de\\\/blog\\\/#\\\/schema\\\/person\\\/f08b921dc43532d46c5935307f76c2d5\"},\"headline\":\"Tag des deutschen Bieres\",\"datePublished\":\"2022-04-19T10:32:12+00:00\",\"dateModified\":\"2026-04-12T14:39:13+00:00\",\"mainEntityOfPage\":{\"@id\":\"https:\\\/\\\/gastro-brennecke.de\\\/blog\\\/news\\\/tag-des-deutschen-bieres-2\\\/\"},\"wordCount\":1191,\"commentCount\":0,\"publisher\":{\"@id\":\"https:\\\/\\\/gastro-brennecke.de\\\/blog\\\/#organization\"},\"image\":{\"@id\":\"https:\\\/\\\/gastro-brennecke.de\\\/blog\\\/news\\\/tag-des-deutschen-bieres-2\\\/#primaryimage\"},\"thumbnailUrl\":\"https:\\\/\\\/gastro-brennecke.de\\\/blog\\\/wp-content\\\/uploads\\\/2022\\\/04\\\/Tag-d.-Dt.-Bieres-.jpg?wsr\",\"keywords\":[\"deutschesReinheitsgebot\",\"TagdesdeutschenBieres\",\"vorl\u00e4ufigesBiergesetz\"],\"articleSection\":[\"News\",\"Wissenswertes\"],\"inLanguage\":\"de\",\"potentialAction\":[{\"@type\":\"CommentAction\",\"name\":\"Comment\",\"target\":[\"https:\\\/\\\/gastro-brennecke.de\\\/blog\\\/news\\\/tag-des-deutschen-bieres-2\\\/#respond\"]}]},{\"@type\":\"WebPage\",\"@id\":\"https:\\\/\\\/gastro-brennecke.de\\\/blog\\\/news\\\/tag-des-deutschen-bieres-2\\\/\",\"url\":\"https:\\\/\\\/gastro-brennecke.de\\\/blog\\\/news\\\/tag-des-deutschen-bieres-2\\\/\",\"name\":\"Tag des deutschen Bieres - Gastro Brennecke Blog\",\"isPartOf\":{\"@id\":\"https:\\\/\\\/gastro-brennecke.de\\\/blog\\\/#website\"},\"primaryImageOfPage\":{\"@id\":\"https:\\\/\\\/gastro-brennecke.de\\\/blog\\\/news\\\/tag-des-deutschen-bieres-2\\\/#primaryimage\"},\"image\":{\"@id\":\"https:\\\/\\\/gastro-brennecke.de\\\/blog\\\/news\\\/tag-des-deutschen-bieres-2\\\/#primaryimage\"},\"thumbnailUrl\":\"https:\\\/\\\/gastro-brennecke.de\\\/blog\\\/wp-content\\\/uploads\\\/2022\\\/04\\\/Tag-d.-Dt.-Bieres-.jpg?wsr\",\"datePublished\":\"2022-04-19T10:32:12+00:00\",\"dateModified\":\"2026-04-12T14:39:13+00:00\",\"description\":\"Am 23.04. ist der Tag des deutschen Bieres. Warum? Das und weiteres wie z.b. Interessantes zum vorl\u00e4ufigen Biergesetz findest du hier!\",\"breadcrumb\":{\"@id\":\"https:\\\/\\\/gastro-brennecke.de\\\/blog\\\/news\\\/tag-des-deutschen-bieres-2\\\/#breadcrumb\"},\"inLanguage\":\"de\",\"potentialAction\":[{\"@type\":\"ReadAction\",\"target\":[\"https:\\\/\\\/gastro-brennecke.de\\\/blog\\\/news\\\/tag-des-deutschen-bieres-2\\\/\"]}]},{\"@type\":\"ImageObject\",\"inLanguage\":\"de\",\"@id\":\"https:\\\/\\\/gastro-brennecke.de\\\/blog\\\/news\\\/tag-des-deutschen-bieres-2\\\/#primaryimage\",\"url\":\"https:\\\/\\\/gastro-brennecke.de\\\/blog\\\/wp-content\\\/uploads\\\/2022\\\/04\\\/Tag-d.-Dt.-Bieres-.jpg?wsr\",\"contentUrl\":\"https:\\\/\\\/gastro-brennecke.de\\\/blog\\\/wp-content\\\/uploads\\\/2022\\\/04\\\/Tag-d.-Dt.-Bieres-.jpg?wsr\",\"width\":1200,\"height\":1200},{\"@type\":\"BreadcrumbList\",\"@id\":\"https:\\\/\\\/gastro-brennecke.de\\\/blog\\\/news\\\/tag-des-deutschen-bieres-2\\\/#breadcrumb\",\"itemListElement\":[{\"@type\":\"ListItem\",\"position\":1,\"name\":\"Startseite\",\"item\":\"https:\\\/\\\/gastro-brennecke.de\\\/blog\\\/\"},{\"@type\":\"ListItem\",\"position\":2,\"name\":\"Tag des deutschen Bieres\"}]},{\"@type\":\"WebSite\",\"@id\":\"https:\\\/\\\/gastro-brennecke.de\\\/blog\\\/#website\",\"url\":\"https:\\\/\\\/gastro-brennecke.de\\\/blog\\\/\",\"name\":\"Gastro Brennecke Blog\",\"description\":\"Bier selber brauen | Schank &amp; Zapfanlagen - Gastro Brennecke\",\"publisher\":{\"@id\":\"https:\\\/\\\/gastro-brennecke.de\\\/blog\\\/#organization\"},\"potentialAction\":[{\"@type\":\"SearchAction\",\"target\":{\"@type\":\"EntryPoint\",\"urlTemplate\":\"https:\\\/\\\/gastro-brennecke.de\\\/blog\\\/?s={search_term_string}\"},\"query-input\":{\"@type\":\"PropertyValueSpecification\",\"valueRequired\":true,\"valueName\":\"search_term_string\"}}],\"inLanguage\":\"de\"},{\"@type\":\"Organization\",\"@id\":\"https:\\\/\\\/gastro-brennecke.de\\\/blog\\\/#organization\",\"name\":\"Gastro Brennecke Blog\",\"url\":\"https:\\\/\\\/gastro-brennecke.de\\\/blog\\\/\",\"logo\":{\"@type\":\"ImageObject\",\"inLanguage\":\"de\",\"@id\":\"https:\\\/\\\/gastro-brennecke.de\\\/blog\\\/#\\\/schema\\\/logo\\\/image\\\/\",\"url\":\"https:\\\/\\\/gastro-brennecke.de\\\/blog\\\/wp-content\\\/uploads\\\/2020\\\/11\\\/2020-brennecke-logo.png?wsr\",\"contentUrl\":\"https:\\\/\\\/gastro-brennecke.de\\\/blog\\\/wp-content\\\/uploads\\\/2020\\\/11\\\/2020-brennecke-logo.png?wsr\",\"width\":462,\"height\":136,\"caption\":\"Gastro Brennecke Blog\"},\"image\":{\"@id\":\"https:\\\/\\\/gastro-brennecke.de\\\/blog\\\/#\\\/schema\\\/logo\\\/image\\\/\"},\"sameAs\":[\"https:\\\/\\\/www.facebook.com\\\/gastrobrennecke\",\"https:\\\/\\\/x.com\\\/GastroBrennecke\",\"https:\\\/\\\/www.linkedin.com\\\/in\\\/nico-brennecke-770a64217\\\/\",\"https:\\\/\\\/www.pinterest.de\\\/bierbrauen\",\"https:\\\/\\\/www.youtube.com\\\/user\\\/gastrokomplett\"]},{\"@type\":\"Person\",\"@id\":\"https:\\\/\\\/gastro-brennecke.de\\\/blog\\\/#\\\/schema\\\/person\\\/f08b921dc43532d46c5935307f76c2d5\",\"name\":\"Nico Brennecke\",\"pronouns\":\"er\\\/ihm\",\"image\":{\"@type\":\"ImageObject\",\"inLanguage\":\"de\",\"@id\":\"https:\\\/\\\/secure.gravatar.com\\\/avatar\\\/265753c7995506fcc19fd4b8a2ce9183d2515b32050fd9a3548bd671d9f7ca1a?s=96&d=mm&r=g\",\"url\":\"https:\\\/\\\/secure.gravatar.com\\\/avatar\\\/265753c7995506fcc19fd4b8a2ce9183d2515b32050fd9a3548bd671d9f7ca1a?s=96&d=mm&r=g\",\"contentUrl\":\"https:\\\/\\\/secure.gravatar.com\\\/avatar\\\/265753c7995506fcc19fd4b8a2ce9183d2515b32050fd9a3548bd671d9f7ca1a?s=96&d=mm&r=g\",\"caption\":\"Nico Brennecke\"},\"description\":\"Ich bin Nico Brennecke, Experte f\u00fcr Hobbybrauen und Schanktechnik und Inhaber von Gastro Brennecke mit \u00fcber 15 Jahren Erfahrung. Unser Familienunternehmen besteht seit \u00fcber 40 Jahren und hat sich auf alles rund ums Bier brauen, Zapfanlagen und Ausschanktechnik spezialisiert. Vom Einsteiger bis zur Gastronomie unterst\u00fctze ich t\u00e4glich Kunden bei der Auswahl der passenden Technik und Zutaten. Besonders wichtig ist mir, dass unsere Produkte nicht nur verkauft, sondern auch verstanden werden. Deshalb findest du in unserer Wissenswelt, im Blog und im Lexikon zahlreiche Anleitungen, Tipps und Hintergrundwissen aus der Praxis. Durch meine Erfahrung aus tausenden Kundenprojekten wei\u00df ich genau, worauf es beim Bier brauen und beim perfekten Ausschank wirklich ankommt. Wenn du Fragen rund ums Bier brauen oder Zapfanlagen hast, findest du hier im Blog viele praktische Anleitungen aus der Praxis. Mehr \u00fcber mich erf\u00e4hrst du hier: Zur Expertenseite\",\"sameAs\":[\"https:\\\/\\\/gastro-brennecke.de\\\/nico-brennecke-experte-hobbybrauen-schanktechnik\\\/\"],\"url\":\"https:\\\/\\\/gastro-brennecke.de\\\/blog\\\/author\\\/nico\\\/\"}]}<\/script>\n<!-- \/ Yoast SEO plugin. -->","yoast_head_json":{"title":"Tag des deutschen Bieres - Gastro Brennecke Blog","description":"Am 23.04. ist der Tag des deutschen Bieres. Warum? Das und weiteres wie z.b. Interessantes zum vorl\u00e4ufigen Biergesetz findest du hier!","robots":{"index":"index","follow":"follow","max-snippet":"max-snippet:-1","max-image-preview":"max-image-preview:large","max-video-preview":"max-video-preview:-1"},"canonical":"https:\/\/gastro-brennecke.de\/blog\/news\/tag-des-deutschen-bieres-2\/","og_locale":"de_DE","og_type":"article","og_title":"Tag des deutschen Bieres - Gastro Brennecke Blog","og_description":"Am 23.04. ist der Tag des deutschen Bieres. Warum? Das und weiteres wie z.b. Interessantes zum vorl\u00e4ufigen Biergesetz findest du hier!","og_url":"https:\/\/gastro-brennecke.de\/blog\/news\/tag-des-deutschen-bieres-2\/","og_site_name":"Gastro Brennecke Blog","article_publisher":"https:\/\/www.facebook.com\/gastrobrennecke","article_published_time":"2022-04-19T10:32:12+00:00","article_modified_time":"2026-04-12T14:39:13+00:00","og_image":[{"width":1200,"height":1200,"url":"https:\/\/gastro-brennecke.de\/blog\/wp-content\/uploads\/2022\/04\/Tag-d.-Dt.-Bieres-.jpg","type":"image\/jpeg"}],"author":"Nico Brennecke","twitter_card":"summary_large_image","twitter_creator":"@GastroBrennecke","twitter_site":"@GastroBrennecke","twitter_misc":{"Verfasst von":"Nico Brennecke","Gesch\u00e4tzte Lesezeit":"7\u00a0Minuten"},"schema":{"@context":"https:\/\/schema.org","@graph":[{"@type":"Article","@id":"https:\/\/gastro-brennecke.de\/blog\/news\/tag-des-deutschen-bieres-2\/#article","isPartOf":{"@id":"https:\/\/gastro-brennecke.de\/blog\/news\/tag-des-deutschen-bieres-2\/"},"author":{"name":"Nico Brennecke","@id":"https:\/\/gastro-brennecke.de\/blog\/#\/schema\/person\/f08b921dc43532d46c5935307f76c2d5"},"headline":"Tag des deutschen Bieres","datePublished":"2022-04-19T10:32:12+00:00","dateModified":"2026-04-12T14:39:13+00:00","mainEntityOfPage":{"@id":"https:\/\/gastro-brennecke.de\/blog\/news\/tag-des-deutschen-bieres-2\/"},"wordCount":1191,"commentCount":0,"publisher":{"@id":"https:\/\/gastro-brennecke.de\/blog\/#organization"},"image":{"@id":"https:\/\/gastro-brennecke.de\/blog\/news\/tag-des-deutschen-bieres-2\/#primaryimage"},"thumbnailUrl":"https:\/\/gastro-brennecke.de\/blog\/wp-content\/uploads\/2022\/04\/Tag-d.-Dt.-Bieres-.jpg?wsr","keywords":["deutschesReinheitsgebot","TagdesdeutschenBieres","vorl\u00e4ufigesBiergesetz"],"articleSection":["News","Wissenswertes"],"inLanguage":"de","potentialAction":[{"@type":"CommentAction","name":"Comment","target":["https:\/\/gastro-brennecke.de\/blog\/news\/tag-des-deutschen-bieres-2\/#respond"]}]},{"@type":"WebPage","@id":"https:\/\/gastro-brennecke.de\/blog\/news\/tag-des-deutschen-bieres-2\/","url":"https:\/\/gastro-brennecke.de\/blog\/news\/tag-des-deutschen-bieres-2\/","name":"Tag des deutschen Bieres - Gastro Brennecke Blog","isPartOf":{"@id":"https:\/\/gastro-brennecke.de\/blog\/#website"},"primaryImageOfPage":{"@id":"https:\/\/gastro-brennecke.de\/blog\/news\/tag-des-deutschen-bieres-2\/#primaryimage"},"image":{"@id":"https:\/\/gastro-brennecke.de\/blog\/news\/tag-des-deutschen-bieres-2\/#primaryimage"},"thumbnailUrl":"https:\/\/gastro-brennecke.de\/blog\/wp-content\/uploads\/2022\/04\/Tag-d.-Dt.-Bieres-.jpg?wsr","datePublished":"2022-04-19T10:32:12+00:00","dateModified":"2026-04-12T14:39:13+00:00","description":"Am 23.04. ist der Tag des deutschen Bieres. Warum? Das und weiteres wie z.b. Interessantes zum vorl\u00e4ufigen Biergesetz findest du hier!","breadcrumb":{"@id":"https:\/\/gastro-brennecke.de\/blog\/news\/tag-des-deutschen-bieres-2\/#breadcrumb"},"inLanguage":"de","potentialAction":[{"@type":"ReadAction","target":["https:\/\/gastro-brennecke.de\/blog\/news\/tag-des-deutschen-bieres-2\/"]}]},{"@type":"ImageObject","inLanguage":"de","@id":"https:\/\/gastro-brennecke.de\/blog\/news\/tag-des-deutschen-bieres-2\/#primaryimage","url":"https:\/\/gastro-brennecke.de\/blog\/wp-content\/uploads\/2022\/04\/Tag-d.-Dt.-Bieres-.jpg?wsr","contentUrl":"https:\/\/gastro-brennecke.de\/blog\/wp-content\/uploads\/2022\/04\/Tag-d.-Dt.-Bieres-.jpg?wsr","width":1200,"height":1200},{"@type":"BreadcrumbList","@id":"https:\/\/gastro-brennecke.de\/blog\/news\/tag-des-deutschen-bieres-2\/#breadcrumb","itemListElement":[{"@type":"ListItem","position":1,"name":"Startseite","item":"https:\/\/gastro-brennecke.de\/blog\/"},{"@type":"ListItem","position":2,"name":"Tag des deutschen Bieres"}]},{"@type":"WebSite","@id":"https:\/\/gastro-brennecke.de\/blog\/#website","url":"https:\/\/gastro-brennecke.de\/blog\/","name":"Gastro Brennecke Blog","description":"Bier selber brauen | Schank &amp; Zapfanlagen - Gastro Brennecke","publisher":{"@id":"https:\/\/gastro-brennecke.de\/blog\/#organization"},"potentialAction":[{"@type":"SearchAction","target":{"@type":"EntryPoint","urlTemplate":"https:\/\/gastro-brennecke.de\/blog\/?s={search_term_string}"},"query-input":{"@type":"PropertyValueSpecification","valueRequired":true,"valueName":"search_term_string"}}],"inLanguage":"de"},{"@type":"Organization","@id":"https:\/\/gastro-brennecke.de\/blog\/#organization","name":"Gastro Brennecke Blog","url":"https:\/\/gastro-brennecke.de\/blog\/","logo":{"@type":"ImageObject","inLanguage":"de","@id":"https:\/\/gastro-brennecke.de\/blog\/#\/schema\/logo\/image\/","url":"https:\/\/gastro-brennecke.de\/blog\/wp-content\/uploads\/2020\/11\/2020-brennecke-logo.png?wsr","contentUrl":"https:\/\/gastro-brennecke.de\/blog\/wp-content\/uploads\/2020\/11\/2020-brennecke-logo.png?wsr","width":462,"height":136,"caption":"Gastro Brennecke Blog"},"image":{"@id":"https:\/\/gastro-brennecke.de\/blog\/#\/schema\/logo\/image\/"},"sameAs":["https:\/\/www.facebook.com\/gastrobrennecke","https:\/\/x.com\/GastroBrennecke","https:\/\/www.linkedin.com\/in\/nico-brennecke-770a64217\/","https:\/\/www.pinterest.de\/bierbrauen","https:\/\/www.youtube.com\/user\/gastrokomplett"]},{"@type":"Person","@id":"https:\/\/gastro-brennecke.de\/blog\/#\/schema\/person\/f08b921dc43532d46c5935307f76c2d5","name":"Nico Brennecke","pronouns":"er\/ihm","image":{"@type":"ImageObject","inLanguage":"de","@id":"https:\/\/secure.gravatar.com\/avatar\/265753c7995506fcc19fd4b8a2ce9183d2515b32050fd9a3548bd671d9f7ca1a?s=96&d=mm&r=g","url":"https:\/\/secure.gravatar.com\/avatar\/265753c7995506fcc19fd4b8a2ce9183d2515b32050fd9a3548bd671d9f7ca1a?s=96&d=mm&r=g","contentUrl":"https:\/\/secure.gravatar.com\/avatar\/265753c7995506fcc19fd4b8a2ce9183d2515b32050fd9a3548bd671d9f7ca1a?s=96&d=mm&r=g","caption":"Nico Brennecke"},"description":"Ich bin Nico Brennecke, Experte f\u00fcr Hobbybrauen und Schanktechnik und Inhaber von Gastro Brennecke mit \u00fcber 15 Jahren Erfahrung. Unser Familienunternehmen besteht seit \u00fcber 40 Jahren und hat sich auf alles rund ums Bier brauen, Zapfanlagen und Ausschanktechnik spezialisiert. Vom Einsteiger bis zur Gastronomie unterst\u00fctze ich t\u00e4glich Kunden bei der Auswahl der passenden Technik und Zutaten. Besonders wichtig ist mir, dass unsere Produkte nicht nur verkauft, sondern auch verstanden werden. Deshalb findest du in unserer Wissenswelt, im Blog und im Lexikon zahlreiche Anleitungen, Tipps und Hintergrundwissen aus der Praxis. Durch meine Erfahrung aus tausenden Kundenprojekten wei\u00df ich genau, worauf es beim Bier brauen und beim perfekten Ausschank wirklich ankommt. Wenn du Fragen rund ums Bier brauen oder Zapfanlagen hast, findest du hier im Blog viele praktische Anleitungen aus der Praxis. Mehr \u00fcber mich erf\u00e4hrst du hier: Zur Expertenseite","sameAs":["https:\/\/gastro-brennecke.de\/nico-brennecke-experte-hobbybrauen-schanktechnik\/"],"url":"https:\/\/gastro-brennecke.de\/blog\/author\/nico\/"}]}},"_links":{"self":[{"href":"https:\/\/gastro-brennecke.de\/blog\/wp-json\/wp\/v2\/posts\/4466","targetHints":{"allow":["GET"]}}],"collection":[{"href":"https:\/\/gastro-brennecke.de\/blog\/wp-json\/wp\/v2\/posts"}],"about":[{"href":"https:\/\/gastro-brennecke.de\/blog\/wp-json\/wp\/v2\/types\/post"}],"author":[{"embeddable":true,"href":"https:\/\/gastro-brennecke.de\/blog\/wp-json\/wp\/v2\/users\/3"}],"replies":[{"embeddable":true,"href":"https:\/\/gastro-brennecke.de\/blog\/wp-json\/wp\/v2\/comments?post=4466"}],"version-history":[{"count":2,"href":"https:\/\/gastro-brennecke.de\/blog\/wp-json\/wp\/v2\/posts\/4466\/revisions"}],"predecessor-version":[{"id":6816,"href":"https:\/\/gastro-brennecke.de\/blog\/wp-json\/wp\/v2\/posts\/4466\/revisions\/6816"}],"wp:featuredmedia":[{"embeddable":true,"href":"https:\/\/gastro-brennecke.de\/blog\/wp-json\/wp\/v2\/media\/3122"}],"wp:attachment":[{"href":"https:\/\/gastro-brennecke.de\/blog\/wp-json\/wp\/v2\/media?parent=4466"}],"wp:term":[{"taxonomy":"category","embeddable":true,"href":"https:\/\/gastro-brennecke.de\/blog\/wp-json\/wp\/v2\/categories?post=4466"},{"taxonomy":"post_tag","embeddable":true,"href":"https:\/\/gastro-brennecke.de\/blog\/wp-json\/wp\/v2\/tags?post=4466"}],"curies":[{"name":"wp","href":"https:\/\/api.w.org\/{rel}","templated":true}]}}