{"id":4329,"date":"2022-06-07T11:47:28","date_gmt":"2022-06-07T09:47:28","guid":{"rendered":"https:\/\/gastro-brennecke.de\/blog\/?p=4329"},"modified":"2026-04-12T16:39:13","modified_gmt":"2026-04-12T14:39:13","slug":"ein-bier-zum-tag-des-meeres-3","status":"publish","type":"post","link":"https:\/\/gastro-brennecke.de\/blog\/ideen\/ein-bier-zum-tag-des-meeres-3\/","title":{"rendered":"Ein Bier zum Tag des Meeres"},"content":{"rendered":"\t\t<div data-elementor-type=\"wp-post\" data-elementor-id=\"4329\" class=\"elementor elementor-4329\" data-elementor-post-type=\"post\">\n\t\t\t\t\t\t<section class=\"elementor-section elementor-top-section elementor-element elementor-element-7935f3af elementor-section-boxed elementor-section-height-default elementor-section-height-default\" data-id=\"7935f3af\" data-element_type=\"section\" data-e-type=\"section\">\n\t\t\t\t\t\t<div class=\"elementor-container elementor-column-gap-default\">\n\t\t\t\t\t<div class=\"elementor-column elementor-col-100 elementor-top-column elementor-element elementor-element-7ae7e16a\" data-id=\"7ae7e16a\" data-element_type=\"column\" data-e-type=\"column\">\n\t\t\t<div class=\"elementor-widget-wrap elementor-element-populated\">\n\t\t\t\t\t\t<div class=\"elementor-element elementor-element-5d1715cc elementor-widget elementor-widget-heading\" data-id=\"5d1715cc\" data-element_type=\"widget\" data-e-type=\"widget\" data-widget_type=\"heading.default\">\n\t\t\t\t<div class=\"elementor-widget-container\">\n\t\t\t\t\t<h1 class=\"elementor-heading-title elementor-size-default\">Ein Bier zum Tag des Meeres<\/h1>\t\t\t\t<\/div>\n\t\t\t\t<\/div>\n\t\t\t\t<div class=\"elementor-element elementor-element-2475c797 elementor-widget elementor-widget-text-editor\" data-id=\"2475c797\" data-element_type=\"widget\" data-e-type=\"widget\" data-widget_type=\"text-editor.default\">\n\t\t\t\t<div class=\"elementor-widget-container\">\n\t\t\t\t\t\t\t\t\t<p><em>Ein k\u00fchles Bier am Meer. Nordisch herb mit einer frischen Schaumkrone \u2013 eine Biersorte, das diese Erwartung wohl am besten erf\u00fcllen kann, ist das Pils. Dieses ist das ultimative norddeutsche Bier. In den norddeutschen Brauereien wird traditionell kr\u00e4ftig gehopftes Pils gebraut. Zum <\/em><strong><i>Tag des Meeres am 8. Juni <\/i><\/strong><em>brauen Hobbybrauer aus aller Welt ihr eigenes Nordisches. Den spritzigen Rezeptideen sind hierbei keine Grenzen gesetzt. Nur: Nordisch herb mit einem Hauch von Sand, Wind und Wellen \u2013 diese Komponenten d\u00fcrfen nicht fehlen. Spritziges \u00fcber das Bierbrauen an der K\u00fcste, \u00fcber den Hopfenanbau auf Sylt, abgerundet mit einem Meeresbier nach Pilsener Brauart \u2013 hier im Beitrag:<\/em><\/p><p><em>\u00a0<\/em><\/p>\t\t\t\t\t\t\t\t<\/div>\n\t\t\t\t<\/div>\n\t\t\t\t\t<\/div>\n\t\t<\/div>\n\t\t\t\t\t<\/div>\n\t\t<\/section>\n\t\t\t\t<section class=\"elementor-section elementor-top-section elementor-element elementor-element-afaf162 elementor-section-boxed elementor-section-height-default elementor-section-height-default\" data-id=\"afaf162\" data-element_type=\"section\" data-e-type=\"section\">\n\t\t\t\t\t\t<div class=\"elementor-container elementor-column-gap-default\">\n\t\t\t\t\t<div class=\"elementor-column elementor-col-100 elementor-top-column elementor-element elementor-element-2c8ef2a8\" data-id=\"2c8ef2a8\" data-element_type=\"column\" data-e-type=\"column\">\n\t\t\t<div class=\"elementor-widget-wrap elementor-element-populated\">\n\t\t\t\t\t\t<div class=\"elementor-element elementor-element-744a3082 elementor-widget elementor-widget-heading\" data-id=\"744a3082\" data-element_type=\"widget\" data-e-type=\"widget\" data-widget_type=\"heading.default\">\n\t\t\t\t<div class=\"elementor-widget-container\">\n\t\t\t\t\t<h2 class=\"elementor-heading-title elementor-size-default\">Norddeutsche Braukultur<\/h2>\t\t\t\t<\/div>\n\t\t\t\t<\/div>\n\t\t\t\t<div class=\"elementor-element elementor-element-62ee6898 elementor-widget elementor-widget-text-editor\" data-id=\"62ee6898\" data-element_type=\"widget\" data-e-type=\"widget\" data-widget_type=\"text-editor.default\">\n\t\t\t\t<div class=\"elementor-widget-container\">\n\t\t\t\t\t\t\t\t\t<p>Geh\u00f6rt das Bier in den Norden? Auf jeden Fall. Vor Jahrhunderten hatte jeder kleine Ort seine eigene kleine Bierherstellung. Auch die Inseln. Die kleinen Ortsbrauereien sind im Laufe der Jahre zur\u00fcckgegangen, die norddeutsche Bierkultur wurde \u00fcberwiegend durch einige wenige Gro\u00dfbrauereien gepr\u00e4gt. Doch seit einigen Jahren zeichnet sich hier eine Trendwende ab. <strong>Die Craft-Beer-Entwicklung ist auf dem Vormarsch<\/strong> und l\u00e4sst neue kleine Brauh\u00e4user entstehen. Oft an Gasth\u00f6fe angegliedert oder als kleine Inselbrauerei. Und nicht nur das Craft-Beer, auch das New-Style-Pilsner beeinflusst die Renaissance der Braukultur an unseren K\u00fcsten.<\/p>\t\t\t\t\t\t\t\t<\/div>\n\t\t\t\t<\/div>\n\t\t\t\t<div class=\"elementor-element elementor-element-ec24f87 elementor-widget elementor-widget-heading\" data-id=\"ec24f87\" data-element_type=\"widget\" data-e-type=\"widget\" data-widget_type=\"heading.default\">\n\t\t\t\t<div class=\"elementor-widget-container\">\n\t\t\t\t\t<h2 class=\"elementor-heading-title elementor-size-default\">Die Nordm\u00e4nner waren Biertrinker<\/h2>\t\t\t\t<\/div>\n\t\t\t\t<\/div>\n\t\t\t\t<div class=\"elementor-element elementor-element-a3e362f elementor-widget elementor-widget-text-editor\" data-id=\"a3e362f\" data-element_type=\"widget\" data-e-type=\"widget\" data-widget_type=\"text-editor.default\">\n\t\t\t\t<div class=\"elementor-widget-container\">\n\t\t\t\t\t\t\t\t\t<p>Das Getr\u00e4nk war im Land der Germanen und Wikinger nicht nur verbreitet, <strong>es geh\u00f6rte zu den Grundnahrungsmitteln<\/strong>. Damals wurde alles mit gekeltert, was nicht niet- und nagelfest war. Unter dem Motto: Biergenuss auf eigene Gefahr, kamen Pilze, Beeren und Kr\u00e4uter ins Gebr\u00e4u. Mit allen Konsequenzen, denn die damaligen Bierbrauer wussten l\u00e4ngst nicht immer, ob es sich um giftige Zutaten handelte.<\/p><p>Heute ist das Bierbrauen um einiges ungef\u00e4hrlicher. Sp\u00e4testens seit dem deutschen Reinheitsgebot aus dem Jahre 1516 wird eigentlich nur noch aus Wasser, Hopfen, Malz und Hefe gebraut. Eigentlich \u2013 denn mit den Craft-Beeren kamen auch <strong>ungew\u00f6hnliche Mischungen<\/strong> zur\u00fcck. Diese sind gl\u00fccklicherweise nicht mehr mit den alten Gefahren der Germanenbiere f\u00fcr Leib und Leben verbunden.<\/p>\t\t\t\t\t\t\t\t<\/div>\n\t\t\t\t<\/div>\n\t\t\t\t<div class=\"elementor-element elementor-element-109c114 elementor-widget elementor-widget-heading\" data-id=\"109c114\" data-element_type=\"widget\" data-e-type=\"widget\" data-widget_type=\"heading.default\">\n\t\t\t\t<div class=\"elementor-widget-container\">\n\t\t\t\t\t<h2 class=\"elementor-heading-title elementor-size-default\">Bier und Meer: Wie das Land, so das Bier<\/h2>\t\t\t\t<\/div>\n\t\t\t\t<\/div>\n\t\t\t\t<div class=\"elementor-element elementor-element-51e663f elementor-widget elementor-widget-text-editor\" data-id=\"51e663f\" data-element_type=\"widget\" data-e-type=\"widget\" data-widget_type=\"text-editor.default\">\n\t\t\t\t<div class=\"elementor-widget-container\">\n\t\t\t\t\t\t\t\t\t<p>Bier und Meer haben weit mehr Gemeinsamkeiten als Spritzigkeit und Schaum. Auch wenn Bayern das erkl\u00e4rte Bierland in Deutschland ist \u2013 auch die Bierkultur im Norden kann auf eine lange Tradition zur\u00fcckschauen. In den windigen und oft rauen Landstrichen wird bis heute \u00fcberwiegend Pils getrunken. <strong>Kein mildes Getr\u00e4nk,<\/strong> das nordische Bier ist im Vergleich mit den rheinischen, den mitteldeutschen oder den bayerischen Bierstilen wie dem Weizen oder anderen Biersorten eher herb. Nat\u00fcrlich gibt es hier auch Unterschiede. Wir werfen mal einen Blick auf die nordischen Bierhersteller.<\/p><p>Das Bier nach Pilsener Brauart ist das Nordische, ein sch\u00f6nes Helles mit besonderem Geschmack. Auch wenn es urspr\u00fcnglich aus dem B\u00f6hmischen Pilsen stammt. Der <strong>unterg\u00e4rige, kr\u00e4ftig gehopfte Bierstil<\/strong> ist eher hell und klar, erfrischend und allenfalls unterschwellig malzig. Typisch ist auch die kr\u00e4ftige Schaumkrone. Die Stammw\u00fcrze liegt meistens zwischen 11 und 11, 9 \u00b0P, der Alkoholgehalt bei rund 4,7 und 5,1 Volumenprozent. Es ist st\u00e4rker gehopft als oberg\u00e4rige Biere \u2013 und besonders hopfenbetont sind die norddeutschen Biere &#8211; gibt es \u00fcbrigens auch <strong>alkoholfrei<\/strong>.<\/p><p><strong>In Sachen Bier gibt es ein Nord-S\u00fcd-Gef\u00e4lle.<\/strong> In Meeresn\u00e4he mag es der Biertrinker eher herb. Mit einem Anteil von mehr als 60 Prozent am Biermarkt hat das es deutlich die Nase vorn. Schauen wir in Richtung \u00d6sterreich, dann liegt der Marktanteil f\u00fcr die Pilsener Brauart nur noch bei ca. drei Prozent.<\/p>\t\t\t\t\t\t\t\t<\/div>\n\t\t\t\t<\/div>\n\t\t\t\t<div class=\"elementor-element elementor-element-5ae685f elementor-widget elementor-widget-heading\" data-id=\"5ae685f\" data-element_type=\"widget\" data-e-type=\"widget\" data-widget_type=\"heading.default\">\n\t\t\t\t<div class=\"elementor-widget-container\">\n\t\t\t\t\t<h2 class=\"elementor-heading-title elementor-size-default\">Friesisch herb<\/h2>\t\t\t\t<\/div>\n\t\t\t\t<\/div>\n\t\t\t\t<div class=\"elementor-element elementor-element-9586c67 elementor-widget elementor-widget-text-editor\" data-id=\"9586c67\" data-element_type=\"widget\" data-e-type=\"widget\" data-widget_type=\"text-editor.default\">\n\t\t\t\t<div class=\"elementor-widget-container\">\n\t\t\t\t\t\t\t\t\t<p>Friesland: Hier gibt es nicht nur Deiche, Schafe, Krabbenkutter und kr\u00e4ftige Nordseest\u00fcrme \u2013 in Friesland wird das <strong>Jever<\/strong> gebraut. Das herbe, aber spritzige Friesen-Pils mit einer ausgepr\u00e4gten Hopfenbittere.<\/p><p>Nicht weit von Jever entfernt pr\u00e4sentiert sich die Bremer Biererzeuger Beck mit Ihrem kaum weniger bekannteren <strong>Beck\u2019s<\/strong>. Das Beck\u2019s ist ebenfalls sehr hopfenbetont, wird aber von vielen Bierkennern als etwas milder als das des friesischen Nachbarn bezeichnet. \u00dcbrigens geh\u00f6rt die Brauerei Beck zu den gr\u00f6\u00dften deutschen Biererzeugern und z\u00e4hlt auch \u00fcberregional zu den bekanntesten deutschen Biermarken.<\/p>\t\t\t\t\t\t\t\t<\/div>\n\t\t\t\t<\/div>\n\t\t\t\t<div class=\"elementor-element elementor-element-8f413f8 elementor-widget elementor-widget-heading\" data-id=\"8f413f8\" data-element_type=\"widget\" data-e-type=\"widget\" data-widget_type=\"heading.default\">\n\t\t\t\t<div class=\"elementor-widget-container\">\n\t\t\t\t\t<h3 class=\"elementor-heading-title elementor-size-default\">Von der F\u00f6rde bis nach Dithmarschen<\/h3>\t\t\t\t<\/div>\n\t\t\t\t<\/div>\n\t\t\t\t<div class=\"elementor-element elementor-element-788a0ee elementor-widget elementor-widget-text-editor\" data-id=\"788a0ee\" data-element_type=\"widget\" data-e-type=\"widget\" data-widget_type=\"text-editor.default\">\n\t\t\t\t<div class=\"elementor-widget-container\">\n\t\t\t\t\t\t\t\t\t<p>Ganz hoch im Norden, in unmittelbarer N\u00e4he zur Flensburger F\u00f6rde, ist das <strong>Flensburger<\/strong> \u201czuhause\u201d. Deutlich stark gehopft und in etwa wie der Gerstensaft aus Jever. Das Bier der F\u00f6rde wird im Brauhaus Emil Petersen hergestellt. Und das schon seit 1888 im Familienunternehmen. Die Flasche mit dem \u201cPlopp\u201d hat den B\u00fcgelverschluss als Markenzeichen bis heute behalten.<\/p><p>In Schleswig-Holstein wird das <strong>Dithmarscher<\/strong> gebraut. Ein norddeutsches Traditionsbier, das zwar nordisch herb ist, aber dennoch etwas milder als das \u201cFlens\u201d oder das Jever ist. Wobei hier die Meinungen auch auseinander gehen. \u00dcber Geschm\u00e4cker l\u00e4sst sich eben nicht streiten.<\/p>\t\t\t\t\t\t\t\t<\/div>\n\t\t\t\t<\/div>\n\t\t\t\t<div class=\"elementor-element elementor-element-005dba7 elementor-widget elementor-widget-heading\" data-id=\"005dba7\" data-element_type=\"widget\" data-e-type=\"widget\" data-widget_type=\"heading.default\">\n\t\t\t\t<div class=\"elementor-widget-container\">\n\t\t\t\t\t<h2 class=\"elementor-heading-title elementor-size-default\">Das Hanse Bier<\/h2>\t\t\t\t<\/div>\n\t\t\t\t<\/div>\n\t\t\t\t<div class=\"elementor-element elementor-element-074a3d2 elementor-widget elementor-widget-text-editor\" data-id=\"074a3d2\" data-element_type=\"widget\" data-e-type=\"widget\" data-widget_type=\"text-editor.default\">\n\t\t\t\t<div class=\"elementor-widget-container\">\n\t\t\t\t\t\t\t\t\t<p>Norddeutsches Bier war f\u00fcr den Aufstieg der Hanse bedeutend. Im 14. Jahrhundert produzierten allein in Hamburg mehr als 400 Brauh\u00e4user ihr eigenes Getr\u00e4nk. Der Bierhandel \u00fcber die Stadtgrenzen hinaus boomte. So wurde das Bier in die Niederlande, nach Flandern und England \u2013 und sogar bis nach Island verschickt. <strong>Gebrautes aus den K\u00fcstenregionen war ein Exportschlager<\/strong>.<\/p><p>Heute geh\u00f6rt das <strong>Astra<\/strong> zu den popul\u00e4rsten Hamburger Bieren. Seit einigen Jahren wird es sogar wieder auf dem Kiez produziert. Das Kultbier mit Reeperbahn-Image geh\u00f6rt zum Holsten Brauhaus. Bekannt ist vor allem der Astra Urtyp, der mit einer leichten Bittere und rund 4,9 Prozent Alkohol daherkommt.<\/p><p>Seit einigen Jahren gibt es in norddeutschen K\u00fcstenregionen immer mehr kleine Craft-Brauereien und neue Mini-Brauereien, die zwar traditionell brauen, sich aber auf das mildere <strong>New-Style-Pilsner<\/strong> ausrichten. Das hat ein geringeres Hopfenaroma und enth\u00e4lt in der Regel auch weniger Alkohol.<\/p>\t\t\t\t\t\t\t\t<\/div>\n\t\t\t\t<\/div>\n\t\t\t\t<div class=\"elementor-element elementor-element-ba17f12 elementor-widget elementor-widget-heading\" data-id=\"ba17f12\" data-element_type=\"widget\" data-e-type=\"widget\" data-widget_type=\"heading.default\">\n\t\t\t\t<div class=\"elementor-widget-container\">\n\t\t\t\t\t<h2 class=\"elementor-heading-title elementor-size-default\">Hopfenanbau auf Sylt<\/h2>\t\t\t\t<\/div>\n\t\t\t\t<\/div>\n\t\t\t\t<div class=\"elementor-element elementor-element-9baa614 elementor-widget elementor-widget-text-editor\" data-id=\"9baa614\" data-element_type=\"widget\" data-e-type=\"widget\" data-widget_type=\"text-editor.default\">\n\t\t\t\t<div class=\"elementor-widget-container\">\n\t\t\t\t\t\t\t\t\t<p>Wir kennen alle die <strong>Hallertau<\/strong> als bayerisches Hopfenanbaugebiet. Tats\u00e4chlich aber lagen im 14. und 15. Jahrhundert die gr\u00f6\u00dften Hopfengebiete in <strong>Norddeutschland<\/strong>. Der Hopfen wurde nicht nur rund um die nordischen Kl\u00f6ster und Hausbrauereien angebaut \u2013 das gr\u00f6\u00dfte Anbaugebiet lag zwischen Hornburg, Braunschweig und Magdeburg.<\/p><p>Heute liegt das n\u00f6rdliche Anbaugebiet auf <strong>Sylt<\/strong>. Nun ja, zwar nur auf rund 3000 Quadratmetern \u2013 dennoch erfreut sich der <strong>Sylter Hopfen<\/strong> gro\u00dfer Beliebtheit. Er kommt allerdings bisher nur in einer kleinen Privatbrauerei zum Einsatz. Angepflanzt wird eine <a href=\"https:\/\/gastro-brennecke.de\/bier-brauen\/hopfen-hopfenpellets\/hopfendolden\/1754\/rohhopfen-goldings-3-6-alpha-50g\">englische Hopfensorte<\/a>, die gut mit dem rauen Klima und den starken Winden auf Sylt zurechtkommt. Sylter Hopfen, so hei\u00dft auch das eher milde Gebraute der kleinen Brauerei.<\/p><p>Als Hobbybrauer \u2013 oder als zuk\u00fcnftiger Hobbybrauer \u2013 braust du nat\u00fcrlich dein eigenes Unvergleichliches zum Tag des Meeres. <strong>Unser Vorschlag: ein Pilsener mit einer spritzigen Meeresbrise.<\/strong><\/p>\t\t\t\t\t\t\t\t<\/div>\n\t\t\t\t<\/div>\n\t\t\t\t<div class=\"elementor-element elementor-element-e8c6d5b elementor-widget elementor-widget-heading\" data-id=\"e8c6d5b\" data-element_type=\"widget\" data-e-type=\"widget\" data-widget_type=\"heading.default\">\n\t\t\t\t<div class=\"elementor-widget-container\">\n\t\t\t\t\t<h2 class=\"elementor-heading-title elementor-size-default\">Rezept: Pilsener mit Meeresbrise<\/h2>\t\t\t\t<\/div>\n\t\t\t\t<\/div>\n\t\t\t\t<div class=\"elementor-element elementor-element-2fdc438 elementor-widget elementor-widget-text-editor\" data-id=\"2fdc438\" data-element_type=\"widget\" data-e-type=\"widget\" data-widget_type=\"text-editor.default\">\n\t\t\t\t<div class=\"elementor-widget-container\">\n\t\t\t\t\t\t\t\t\t<p><strong>Das Pilsrezept unserer Sommeliere ist bei Hobbybrauern beliebt<\/strong>. Es ist herb, frisch und absolut spritzig. Mit einer Stammw\u00fcrze von 11,9 Prozent und einem Alkoholanteil von 4,4 Prozent ist es ein typisches nach Pilsener Brauart.<\/p><p>Die <strong>G\u00e4rdauer<\/strong> betr\u00e4gt rund sieben Tage, f\u00fcr die <strong>Reifezeit<\/strong> solltest du nochmal vier Wochen einplanen.<\/p><p><a href=\"https:\/\/gastro-brennecke.de\/blog\/rezepturen\/pils-bier-rezept\/\">Hier findest du das komplette Rezept<\/a> inklusive der fertigen <a href=\"https:\/\/gastro-brennecke.de\/bier-brauen\/malzextrakt-und-maische\/malzpakete\/1970\/malzmischung-pils-untergaerig\">Maischemischung<\/a>.<\/p><p>Getrunken wird das Pils zum Tag des Meeres in K\u00fchlschranktemperatur, bei ca. sechs bis acht Grad. Es passt deftig ger\u00e4ucherter Fisch, N\u00fcsse und pikante K\u00e4sesorten.<\/p><p>Prost!<\/p><p>Wenn du mehr erfahren m\u00f6chtest, findest du weitere Informationen auf unserem <strong>Blog<\/strong> oder unserer <strong>Facebook<\/strong> Seite.<\/p>\t\t\t\t\t\t\t\t<\/div>\n\t\t\t\t<\/div>\n\t\t\t\t<div class=\"elementor-element elementor-element-24e77842 elementor-cta--layout-image-left elementor-cta--skin-classic elementor-animated-content elementor-bg-transform elementor-bg-transform-zoom-in elementor-widget elementor-widget-call-to-action\" data-id=\"24e77842\" data-element_type=\"widget\" data-e-type=\"widget\" data-widget_type=\"call-to-action.default\">\n\t\t\t\t<div class=\"elementor-widget-container\">\n\t\t\t\t\t\t\t<div class=\"elementor-cta\">\n\t\t\t\t\t<div class=\"elementor-cta__bg-wrapper\">\n\t\t\t\t<div class=\"elementor-cta__bg elementor-bg\" style=\"background-image: url(https:\/\/gastro-brennecke.de\/blog\/wp-content\/uploads\/2021\/06\/Rezept-Pils--1024x1024.jpg);\" role=\"img\" aria-label=\"Rezept Pils\"><\/div>\n\t\t\t\t<div class=\"elementor-cta__bg-overlay\"><\/div>\n\t\t\t<\/div>\n\t\t\t\t\t\t\t<div class=\"elementor-cta__content\">\n\t\t\t\t\n\t\t\t\t\t\t\t\t\t<h2 class=\"elementor-cta__title elementor-cta__content-item elementor-content-item\">\n\t\t\t\t\t\tNur f\u00fcr euch\t\t\t\t\t<\/h2>\n\t\t\t\t\n\t\t\t\t\t\t\t\t\t<div class=\"elementor-cta__description elementor-cta__content-item elementor-content-item\">\n\t\t\t\t\t\tunser Sommeliere Pils-Rezept!\t\t\t\t\t<\/div>\n\t\t\t\t\n\t\t\t\t\t\t\t\t\t<div class=\"elementor-cta__button-wrapper elementor-cta__content-item elementor-content-item \">\n\t\t\t\t\t<a class=\"elementor-cta__button elementor-button elementor-size-\" href=\"https:\/\/gastro-brennecke.de\/blog\/rezepturen\/pils-bier-rezept\/\">\n\t\t\t\t\t\tHier klicken\t\t\t\t\t<\/a>\n\t\t\t\t\t<\/div>\n\t\t\t\t\t\t\t<\/div>\n\t\t\t\t\t\t<\/div>\n\t\t\t\t\t\t<\/div>\n\t\t\t\t<\/div>\n\t\t\t\t\t<\/div>\n\t\t<\/div>\n\t\t\t\t\t<\/div>\n\t\t<\/section>\n\t\t\t\t<section class=\"elementor-section elementor-top-section elementor-element elementor-element-5cb47cdc elementor-section-boxed elementor-section-height-default elementor-section-height-default\" data-id=\"5cb47cdc\" data-element_type=\"section\" data-e-type=\"section\">\n\t\t\t\t\t\t<div class=\"elementor-container elementor-column-gap-default\">\n\t\t\t\t\t<div class=\"elementor-column elementor-col-100 elementor-top-column elementor-element elementor-element-7bc5b073\" data-id=\"7bc5b073\" data-element_type=\"column\" data-e-type=\"column\">\n\t\t\t<div class=\"elementor-widget-wrap elementor-element-populated\">\n\t\t\t\t\t\t<div class=\"elementor-element elementor-element-478933fa elementor-widget elementor-widget-post-navigation\" data-id=\"478933fa\" data-element_type=\"widget\" data-e-type=\"widget\" data-widget_type=\"post-navigation.default\">\n\t\t\t\t<div class=\"elementor-widget-container\">\n\t\t\t\t\t\t\t<div class=\"elementor-post-navigation\" role=\"navigation\" aria-label=\"Beitrag Navigation\">\n\t\t\t<div class=\"elementor-post-navigation__prev elementor-post-navigation__link\">\n\t\t\t\t<a href=\"https:\/\/gastro-brennecke.de\/blog\/news\/fronleichnam-und-bier-religion-trifft-tradition\/\" rel=\"prev\"><span class=\"post-navigation__arrow-wrapper post-navigation__arrow-prev\"><i aria-hidden=\"true\" class=\"fas fa-angle-left\"><\/i><span class=\"elementor-screen-only\">Zur\u00fcck<\/span><\/span><span class=\"elementor-post-navigation__link__prev\"><span class=\"post-navigation__prev--title\">Fronleichnam und Bier \u2013 Religion trifft Tradition<\/span><\/span><\/a>\t\t\t<\/div>\n\t\t\t\t\t\t<div class=\"elementor-post-navigation__next elementor-post-navigation__link\">\n\t\t\t\t<a href=\"https:\/\/gastro-brennecke.de\/blog\/rezepte-2\/wie-man-seinen-sekt-selber-macht\/\" rel=\"next\"><span class=\"elementor-post-navigation__link__next\"><span class=\"post-navigation__next--title\">Wie man seinen Sekt selber macht<\/span><\/span><span class=\"post-navigation__arrow-wrapper post-navigation__arrow-next\"><i aria-hidden=\"true\" class=\"fas fa-angle-right\"><\/i><span class=\"elementor-screen-only\">N\u00e4chster<\/span><\/span><\/a>\t\t\t<\/div>\n\t\t<\/div>\n\t\t\t\t\t\t<\/div>\n\t\t\t\t<\/div>\n\t\t\t\t\t<\/div>\n\t\t<\/div>\n\t\t\t\t\t<\/div>\n\t\t<\/section>\n\t\t\t\t<section class=\"elementor-section elementor-top-section elementor-element elementor-element-7163e95f elementor-section-boxed elementor-section-height-default elementor-section-height-default\" data-id=\"7163e95f\" data-element_type=\"section\" data-e-type=\"section\">\n\t\t\t\t\t\t<div class=\"elementor-container elementor-column-gap-default\">\n\t\t\t\t\t<div class=\"elementor-column elementor-col-100 elementor-top-column elementor-element elementor-element-27aa0b77\" data-id=\"27aa0b77\" data-element_type=\"column\" data-e-type=\"column\">\n\t\t\t<div class=\"elementor-widget-wrap elementor-element-populated\">\n\t\t\t\t\t\t\t<\/div>\n\t\t<\/div>\n\t\t\t\t\t<\/div>\n\t\t<\/section>\n\t\t\t\t<\/div>\n\t\t","protected":false},"excerpt":{"rendered":"<p>Ein Bier zum Tag des Meeres Ein k\u00fchles Bier am Meer. Nordisch herb mit einer frischen Schaumkrone \u2013 eine Biersorte, das diese Erwartung wohl am besten erf\u00fcllen kann, ist das Pils. Dieses ist das ultimative norddeutsche Bier. In den norddeutschen Brauereien wird traditionell kr\u00e4ftig gehopftes Pils gebraut. Zum Tag des Meeres am 8. Juni brauen [&hellip;]<\/p>\n","protected":false},"author":3,"featured_media":4267,"comment_status":"open","ping_status":"open","sticky":false,"template":"","format":"standard","meta":{"footnotes":""},"categories":[129,34,127,21],"tags":[273,275,43,272,274],"class_list":["post-4329","post","type-post","status-publish","format-standard","has-post-thumbnail","hentry","category-bier-rezepte","category-ideen","category-rezepte-2","category-wissenswertes","tag-friesischherb","tag-hansebier","tag-pils","tag-pilsrezept","tag-sylterhopfen"],"yoast_head":"<!-- This site is optimized with the Yoast SEO plugin v27.4 - https:\/\/yoast.com\/product\/yoast-seo-wordpress\/ -->\n<title>Ein Bier zum Tag des Meeres - Gastro Brennecke Blog<\/title>\n<meta name=\"description\" content=\"Wusstet ihr, dass es in Sachen Bier ein nord-s\u00fcd Gef\u00e4lle gibt? Oder das auf Sylt Hopfen angebaut wird? Nein? Dann jetzt hier schnell nachlesen\" \/>\n<meta name=\"robots\" content=\"index, follow, max-snippet:-1, max-image-preview:large, max-video-preview:-1\" \/>\n<link rel=\"canonical\" href=\"https:\/\/gastro-brennecke.de\/blog\/ideen\/ein-bier-zum-tag-des-meeres-3\/\" \/>\n<meta property=\"og:locale\" content=\"de_DE\" \/>\n<meta property=\"og:type\" content=\"article\" \/>\n<meta property=\"og:title\" content=\"Ein Bier zum Tag des Meeres - Gastro Brennecke Blog\" \/>\n<meta property=\"og:description\" content=\"Wusstet ihr, dass es in Sachen Bier ein nord-s\u00fcd Gef\u00e4lle gibt? Oder das auf Sylt Hopfen angebaut wird? Nein? Dann jetzt hier schnell nachlesen\" \/>\n<meta property=\"og:url\" content=\"https:\/\/gastro-brennecke.de\/blog\/ideen\/ein-bier-zum-tag-des-meeres-3\/\" \/>\n<meta property=\"og:site_name\" content=\"Gastro Brennecke Blog\" \/>\n<meta property=\"article:publisher\" content=\"https:\/\/www.facebook.com\/gastrobrennecke\" \/>\n<meta property=\"article:published_time\" content=\"2022-06-07T09:47:28+00:00\" \/>\n<meta property=\"article:modified_time\" content=\"2026-04-12T14:39:13+00:00\" \/>\n<meta property=\"og:image\" content=\"https:\/\/gastro-brennecke.de\/blog\/wp-content\/uploads\/2022\/06\/Bier-und-Meer.jpg\" \/>\n\t<meta property=\"og:image:width\" content=\"1200\" \/>\n\t<meta property=\"og:image:height\" content=\"1200\" \/>\n\t<meta property=\"og:image:type\" content=\"image\/jpeg\" \/>\n<meta name=\"author\" content=\"Nico Brennecke\" \/>\n<meta name=\"twitter:card\" content=\"summary_large_image\" \/>\n<meta name=\"twitter:creator\" content=\"@GastroBrennecke\" \/>\n<meta name=\"twitter:site\" content=\"@GastroBrennecke\" \/>\n<meta name=\"twitter:label1\" content=\"Verfasst von\" \/>\n\t<meta name=\"twitter:data1\" content=\"Nico Brennecke\" \/>\n\t<meta name=\"twitter:label2\" content=\"Gesch\u00e4tzte Lesezeit\" \/>\n\t<meta name=\"twitter:data2\" content=\"7\u00a0Minuten\" \/>\n<script type=\"application\/ld+json\" class=\"yoast-schema-graph\">{\"@context\":\"https:\\\/\\\/schema.org\",\"@graph\":[{\"@type\":\"Article\",\"@id\":\"https:\\\/\\\/gastro-brennecke.de\\\/blog\\\/ideen\\\/ein-bier-zum-tag-des-meeres-3\\\/#article\",\"isPartOf\":{\"@id\":\"https:\\\/\\\/gastro-brennecke.de\\\/blog\\\/ideen\\\/ein-bier-zum-tag-des-meeres-3\\\/\"},\"author\":{\"name\":\"Nico Brennecke\",\"@id\":\"https:\\\/\\\/gastro-brennecke.de\\\/blog\\\/#\\\/schema\\\/person\\\/f08b921dc43532d46c5935307f76c2d5\"},\"headline\":\"Ein Bier zum Tag des Meeres\",\"datePublished\":\"2022-06-07T09:47:28+00:00\",\"dateModified\":\"2026-04-12T14:39:13+00:00\",\"mainEntityOfPage\":{\"@id\":\"https:\\\/\\\/gastro-brennecke.de\\\/blog\\\/ideen\\\/ein-bier-zum-tag-des-meeres-3\\\/\"},\"wordCount\":1189,\"commentCount\":0,\"publisher\":{\"@id\":\"https:\\\/\\\/gastro-brennecke.de\\\/blog\\\/#organization\"},\"image\":{\"@id\":\"https:\\\/\\\/gastro-brennecke.de\\\/blog\\\/ideen\\\/ein-bier-zum-tag-des-meeres-3\\\/#primaryimage\"},\"thumbnailUrl\":\"https:\\\/\\\/gastro-brennecke.de\\\/blog\\\/wp-content\\\/uploads\\\/2022\\\/06\\\/Bier-und-Meer.jpg?wsr\",\"keywords\":[\"Friesischherb\",\"HanseBier\",\"Pils\",\"Pilsrezept\",\"SylterHopfen\"],\"articleSection\":[\"Bier Rezepte\",\"Ideen\",\"Rezepte\",\"Wissenswertes\"],\"inLanguage\":\"de\",\"potentialAction\":[{\"@type\":\"CommentAction\",\"name\":\"Comment\",\"target\":[\"https:\\\/\\\/gastro-brennecke.de\\\/blog\\\/ideen\\\/ein-bier-zum-tag-des-meeres-3\\\/#respond\"]}]},{\"@type\":\"WebPage\",\"@id\":\"https:\\\/\\\/gastro-brennecke.de\\\/blog\\\/ideen\\\/ein-bier-zum-tag-des-meeres-3\\\/\",\"url\":\"https:\\\/\\\/gastro-brennecke.de\\\/blog\\\/ideen\\\/ein-bier-zum-tag-des-meeres-3\\\/\",\"name\":\"Ein Bier zum Tag des Meeres - Gastro Brennecke Blog\",\"isPartOf\":{\"@id\":\"https:\\\/\\\/gastro-brennecke.de\\\/blog\\\/#website\"},\"primaryImageOfPage\":{\"@id\":\"https:\\\/\\\/gastro-brennecke.de\\\/blog\\\/ideen\\\/ein-bier-zum-tag-des-meeres-3\\\/#primaryimage\"},\"image\":{\"@id\":\"https:\\\/\\\/gastro-brennecke.de\\\/blog\\\/ideen\\\/ein-bier-zum-tag-des-meeres-3\\\/#primaryimage\"},\"thumbnailUrl\":\"https:\\\/\\\/gastro-brennecke.de\\\/blog\\\/wp-content\\\/uploads\\\/2022\\\/06\\\/Bier-und-Meer.jpg?wsr\",\"datePublished\":\"2022-06-07T09:47:28+00:00\",\"dateModified\":\"2026-04-12T14:39:13+00:00\",\"description\":\"Wusstet ihr, dass es in Sachen Bier ein nord-s\u00fcd Gef\u00e4lle gibt? Oder das auf Sylt Hopfen angebaut wird? Nein? Dann jetzt hier schnell nachlesen\",\"breadcrumb\":{\"@id\":\"https:\\\/\\\/gastro-brennecke.de\\\/blog\\\/ideen\\\/ein-bier-zum-tag-des-meeres-3\\\/#breadcrumb\"},\"inLanguage\":\"de\",\"potentialAction\":[{\"@type\":\"ReadAction\",\"target\":[\"https:\\\/\\\/gastro-brennecke.de\\\/blog\\\/ideen\\\/ein-bier-zum-tag-des-meeres-3\\\/\"]}]},{\"@type\":\"ImageObject\",\"inLanguage\":\"de\",\"@id\":\"https:\\\/\\\/gastro-brennecke.de\\\/blog\\\/ideen\\\/ein-bier-zum-tag-des-meeres-3\\\/#primaryimage\",\"url\":\"https:\\\/\\\/gastro-brennecke.de\\\/blog\\\/wp-content\\\/uploads\\\/2022\\\/06\\\/Bier-und-Meer.jpg?wsr\",\"contentUrl\":\"https:\\\/\\\/gastro-brennecke.de\\\/blog\\\/wp-content\\\/uploads\\\/2022\\\/06\\\/Bier-und-Meer.jpg?wsr\",\"width\":1200,\"height\":1200},{\"@type\":\"BreadcrumbList\",\"@id\":\"https:\\\/\\\/gastro-brennecke.de\\\/blog\\\/ideen\\\/ein-bier-zum-tag-des-meeres-3\\\/#breadcrumb\",\"itemListElement\":[{\"@type\":\"ListItem\",\"position\":1,\"name\":\"Startseite\",\"item\":\"https:\\\/\\\/gastro-brennecke.de\\\/blog\\\/\"},{\"@type\":\"ListItem\",\"position\":2,\"name\":\"Ein Bier zum Tag des Meeres\"}]},{\"@type\":\"WebSite\",\"@id\":\"https:\\\/\\\/gastro-brennecke.de\\\/blog\\\/#website\",\"url\":\"https:\\\/\\\/gastro-brennecke.de\\\/blog\\\/\",\"name\":\"Gastro Brennecke Blog\",\"description\":\"Bier selber brauen | Schank &amp; Zapfanlagen - Gastro Brennecke\",\"publisher\":{\"@id\":\"https:\\\/\\\/gastro-brennecke.de\\\/blog\\\/#organization\"},\"potentialAction\":[{\"@type\":\"SearchAction\",\"target\":{\"@type\":\"EntryPoint\",\"urlTemplate\":\"https:\\\/\\\/gastro-brennecke.de\\\/blog\\\/?s={search_term_string}\"},\"query-input\":{\"@type\":\"PropertyValueSpecification\",\"valueRequired\":true,\"valueName\":\"search_term_string\"}}],\"inLanguage\":\"de\"},{\"@type\":\"Organization\",\"@id\":\"https:\\\/\\\/gastro-brennecke.de\\\/blog\\\/#organization\",\"name\":\"Gastro Brennecke Blog\",\"url\":\"https:\\\/\\\/gastro-brennecke.de\\\/blog\\\/\",\"logo\":{\"@type\":\"ImageObject\",\"inLanguage\":\"de\",\"@id\":\"https:\\\/\\\/gastro-brennecke.de\\\/blog\\\/#\\\/schema\\\/logo\\\/image\\\/\",\"url\":\"https:\\\/\\\/gastro-brennecke.de\\\/blog\\\/wp-content\\\/uploads\\\/2020\\\/11\\\/2020-brennecke-logo.png?wsr\",\"contentUrl\":\"https:\\\/\\\/gastro-brennecke.de\\\/blog\\\/wp-content\\\/uploads\\\/2020\\\/11\\\/2020-brennecke-logo.png?wsr\",\"width\":462,\"height\":136,\"caption\":\"Gastro Brennecke Blog\"},\"image\":{\"@id\":\"https:\\\/\\\/gastro-brennecke.de\\\/blog\\\/#\\\/schema\\\/logo\\\/image\\\/\"},\"sameAs\":[\"https:\\\/\\\/www.facebook.com\\\/gastrobrennecke\",\"https:\\\/\\\/x.com\\\/GastroBrennecke\",\"https:\\\/\\\/www.linkedin.com\\\/in\\\/nico-brennecke-770a64217\\\/\",\"https:\\\/\\\/www.pinterest.de\\\/bierbrauen\",\"https:\\\/\\\/www.youtube.com\\\/user\\\/gastrokomplett\"]},{\"@type\":\"Person\",\"@id\":\"https:\\\/\\\/gastro-brennecke.de\\\/blog\\\/#\\\/schema\\\/person\\\/f08b921dc43532d46c5935307f76c2d5\",\"name\":\"Nico Brennecke\",\"pronouns\":\"er\\\/ihm\",\"image\":{\"@type\":\"ImageObject\",\"inLanguage\":\"de\",\"@id\":\"https:\\\/\\\/secure.gravatar.com\\\/avatar\\\/265753c7995506fcc19fd4b8a2ce9183d2515b32050fd9a3548bd671d9f7ca1a?s=96&d=mm&r=g\",\"url\":\"https:\\\/\\\/secure.gravatar.com\\\/avatar\\\/265753c7995506fcc19fd4b8a2ce9183d2515b32050fd9a3548bd671d9f7ca1a?s=96&d=mm&r=g\",\"contentUrl\":\"https:\\\/\\\/secure.gravatar.com\\\/avatar\\\/265753c7995506fcc19fd4b8a2ce9183d2515b32050fd9a3548bd671d9f7ca1a?s=96&d=mm&r=g\",\"caption\":\"Nico Brennecke\"},\"description\":\"Ich bin Nico Brennecke, Experte f\u00fcr Hobbybrauen und Schanktechnik und Inhaber von Gastro Brennecke mit \u00fcber 15 Jahren Erfahrung. Unser Familienunternehmen besteht seit \u00fcber 40 Jahren und hat sich auf alles rund ums Bier brauen, Zapfanlagen und Ausschanktechnik spezialisiert. Vom Einsteiger bis zur Gastronomie unterst\u00fctze ich t\u00e4glich Kunden bei der Auswahl der passenden Technik und Zutaten. Besonders wichtig ist mir, dass unsere Produkte nicht nur verkauft, sondern auch verstanden werden. Deshalb findest du in unserer Wissenswelt, im Blog und im Lexikon zahlreiche Anleitungen, Tipps und Hintergrundwissen aus der Praxis. Durch meine Erfahrung aus tausenden Kundenprojekten wei\u00df ich genau, worauf es beim Bier brauen und beim perfekten Ausschank wirklich ankommt. Wenn du Fragen rund ums Bier brauen oder Zapfanlagen hast, findest du hier im Blog viele praktische Anleitungen aus der Praxis. Mehr \u00fcber mich erf\u00e4hrst du hier: Zur Expertenseite\",\"sameAs\":[\"https:\\\/\\\/gastro-brennecke.de\\\/nico-brennecke-experte-hobbybrauen-schanktechnik\\\/\"],\"url\":\"https:\\\/\\\/gastro-brennecke.de\\\/blog\\\/author\\\/nico\\\/\"}]}<\/script>\n<!-- \/ Yoast SEO plugin. -->","yoast_head_json":{"title":"Ein Bier zum Tag des Meeres - Gastro Brennecke Blog","description":"Wusstet ihr, dass es in Sachen Bier ein nord-s\u00fcd Gef\u00e4lle gibt? Oder das auf Sylt Hopfen angebaut wird? Nein? Dann jetzt hier schnell nachlesen","robots":{"index":"index","follow":"follow","max-snippet":"max-snippet:-1","max-image-preview":"max-image-preview:large","max-video-preview":"max-video-preview:-1"},"canonical":"https:\/\/gastro-brennecke.de\/blog\/ideen\/ein-bier-zum-tag-des-meeres-3\/","og_locale":"de_DE","og_type":"article","og_title":"Ein Bier zum Tag des Meeres - Gastro Brennecke Blog","og_description":"Wusstet ihr, dass es in Sachen Bier ein nord-s\u00fcd Gef\u00e4lle gibt? Oder das auf Sylt Hopfen angebaut wird? Nein? Dann jetzt hier schnell nachlesen","og_url":"https:\/\/gastro-brennecke.de\/blog\/ideen\/ein-bier-zum-tag-des-meeres-3\/","og_site_name":"Gastro Brennecke Blog","article_publisher":"https:\/\/www.facebook.com\/gastrobrennecke","article_published_time":"2022-06-07T09:47:28+00:00","article_modified_time":"2026-04-12T14:39:13+00:00","og_image":[{"width":1200,"height":1200,"url":"https:\/\/gastro-brennecke.de\/blog\/wp-content\/uploads\/2022\/06\/Bier-und-Meer.jpg","type":"image\/jpeg"}],"author":"Nico Brennecke","twitter_card":"summary_large_image","twitter_creator":"@GastroBrennecke","twitter_site":"@GastroBrennecke","twitter_misc":{"Verfasst von":"Nico Brennecke","Gesch\u00e4tzte Lesezeit":"7\u00a0Minuten"},"schema":{"@context":"https:\/\/schema.org","@graph":[{"@type":"Article","@id":"https:\/\/gastro-brennecke.de\/blog\/ideen\/ein-bier-zum-tag-des-meeres-3\/#article","isPartOf":{"@id":"https:\/\/gastro-brennecke.de\/blog\/ideen\/ein-bier-zum-tag-des-meeres-3\/"},"author":{"name":"Nico Brennecke","@id":"https:\/\/gastro-brennecke.de\/blog\/#\/schema\/person\/f08b921dc43532d46c5935307f76c2d5"},"headline":"Ein Bier zum Tag des Meeres","datePublished":"2022-06-07T09:47:28+00:00","dateModified":"2026-04-12T14:39:13+00:00","mainEntityOfPage":{"@id":"https:\/\/gastro-brennecke.de\/blog\/ideen\/ein-bier-zum-tag-des-meeres-3\/"},"wordCount":1189,"commentCount":0,"publisher":{"@id":"https:\/\/gastro-brennecke.de\/blog\/#organization"},"image":{"@id":"https:\/\/gastro-brennecke.de\/blog\/ideen\/ein-bier-zum-tag-des-meeres-3\/#primaryimage"},"thumbnailUrl":"https:\/\/gastro-brennecke.de\/blog\/wp-content\/uploads\/2022\/06\/Bier-und-Meer.jpg?wsr","keywords":["Friesischherb","HanseBier","Pils","Pilsrezept","SylterHopfen"],"articleSection":["Bier Rezepte","Ideen","Rezepte","Wissenswertes"],"inLanguage":"de","potentialAction":[{"@type":"CommentAction","name":"Comment","target":["https:\/\/gastro-brennecke.de\/blog\/ideen\/ein-bier-zum-tag-des-meeres-3\/#respond"]}]},{"@type":"WebPage","@id":"https:\/\/gastro-brennecke.de\/blog\/ideen\/ein-bier-zum-tag-des-meeres-3\/","url":"https:\/\/gastro-brennecke.de\/blog\/ideen\/ein-bier-zum-tag-des-meeres-3\/","name":"Ein Bier zum Tag des Meeres - Gastro Brennecke Blog","isPartOf":{"@id":"https:\/\/gastro-brennecke.de\/blog\/#website"},"primaryImageOfPage":{"@id":"https:\/\/gastro-brennecke.de\/blog\/ideen\/ein-bier-zum-tag-des-meeres-3\/#primaryimage"},"image":{"@id":"https:\/\/gastro-brennecke.de\/blog\/ideen\/ein-bier-zum-tag-des-meeres-3\/#primaryimage"},"thumbnailUrl":"https:\/\/gastro-brennecke.de\/blog\/wp-content\/uploads\/2022\/06\/Bier-und-Meer.jpg?wsr","datePublished":"2022-06-07T09:47:28+00:00","dateModified":"2026-04-12T14:39:13+00:00","description":"Wusstet ihr, dass es in Sachen Bier ein nord-s\u00fcd Gef\u00e4lle gibt? Oder das auf Sylt Hopfen angebaut wird? Nein? Dann jetzt hier schnell nachlesen","breadcrumb":{"@id":"https:\/\/gastro-brennecke.de\/blog\/ideen\/ein-bier-zum-tag-des-meeres-3\/#breadcrumb"},"inLanguage":"de","potentialAction":[{"@type":"ReadAction","target":["https:\/\/gastro-brennecke.de\/blog\/ideen\/ein-bier-zum-tag-des-meeres-3\/"]}]},{"@type":"ImageObject","inLanguage":"de","@id":"https:\/\/gastro-brennecke.de\/blog\/ideen\/ein-bier-zum-tag-des-meeres-3\/#primaryimage","url":"https:\/\/gastro-brennecke.de\/blog\/wp-content\/uploads\/2022\/06\/Bier-und-Meer.jpg?wsr","contentUrl":"https:\/\/gastro-brennecke.de\/blog\/wp-content\/uploads\/2022\/06\/Bier-und-Meer.jpg?wsr","width":1200,"height":1200},{"@type":"BreadcrumbList","@id":"https:\/\/gastro-brennecke.de\/blog\/ideen\/ein-bier-zum-tag-des-meeres-3\/#breadcrumb","itemListElement":[{"@type":"ListItem","position":1,"name":"Startseite","item":"https:\/\/gastro-brennecke.de\/blog\/"},{"@type":"ListItem","position":2,"name":"Ein Bier zum Tag des Meeres"}]},{"@type":"WebSite","@id":"https:\/\/gastro-brennecke.de\/blog\/#website","url":"https:\/\/gastro-brennecke.de\/blog\/","name":"Gastro Brennecke Blog","description":"Bier selber brauen | Schank &amp; Zapfanlagen - Gastro Brennecke","publisher":{"@id":"https:\/\/gastro-brennecke.de\/blog\/#organization"},"potentialAction":[{"@type":"SearchAction","target":{"@type":"EntryPoint","urlTemplate":"https:\/\/gastro-brennecke.de\/blog\/?s={search_term_string}"},"query-input":{"@type":"PropertyValueSpecification","valueRequired":true,"valueName":"search_term_string"}}],"inLanguage":"de"},{"@type":"Organization","@id":"https:\/\/gastro-brennecke.de\/blog\/#organization","name":"Gastro Brennecke Blog","url":"https:\/\/gastro-brennecke.de\/blog\/","logo":{"@type":"ImageObject","inLanguage":"de","@id":"https:\/\/gastro-brennecke.de\/blog\/#\/schema\/logo\/image\/","url":"https:\/\/gastro-brennecke.de\/blog\/wp-content\/uploads\/2020\/11\/2020-brennecke-logo.png?wsr","contentUrl":"https:\/\/gastro-brennecke.de\/blog\/wp-content\/uploads\/2020\/11\/2020-brennecke-logo.png?wsr","width":462,"height":136,"caption":"Gastro Brennecke Blog"},"image":{"@id":"https:\/\/gastro-brennecke.de\/blog\/#\/schema\/logo\/image\/"},"sameAs":["https:\/\/www.facebook.com\/gastrobrennecke","https:\/\/x.com\/GastroBrennecke","https:\/\/www.linkedin.com\/in\/nico-brennecke-770a64217\/","https:\/\/www.pinterest.de\/bierbrauen","https:\/\/www.youtube.com\/user\/gastrokomplett"]},{"@type":"Person","@id":"https:\/\/gastro-brennecke.de\/blog\/#\/schema\/person\/f08b921dc43532d46c5935307f76c2d5","name":"Nico Brennecke","pronouns":"er\/ihm","image":{"@type":"ImageObject","inLanguage":"de","@id":"https:\/\/secure.gravatar.com\/avatar\/265753c7995506fcc19fd4b8a2ce9183d2515b32050fd9a3548bd671d9f7ca1a?s=96&d=mm&r=g","url":"https:\/\/secure.gravatar.com\/avatar\/265753c7995506fcc19fd4b8a2ce9183d2515b32050fd9a3548bd671d9f7ca1a?s=96&d=mm&r=g","contentUrl":"https:\/\/secure.gravatar.com\/avatar\/265753c7995506fcc19fd4b8a2ce9183d2515b32050fd9a3548bd671d9f7ca1a?s=96&d=mm&r=g","caption":"Nico Brennecke"},"description":"Ich bin Nico Brennecke, Experte f\u00fcr Hobbybrauen und Schanktechnik und Inhaber von Gastro Brennecke mit \u00fcber 15 Jahren Erfahrung. Unser Familienunternehmen besteht seit \u00fcber 40 Jahren und hat sich auf alles rund ums Bier brauen, Zapfanlagen und Ausschanktechnik spezialisiert. Vom Einsteiger bis zur Gastronomie unterst\u00fctze ich t\u00e4glich Kunden bei der Auswahl der passenden Technik und Zutaten. Besonders wichtig ist mir, dass unsere Produkte nicht nur verkauft, sondern auch verstanden werden. Deshalb findest du in unserer Wissenswelt, im Blog und im Lexikon zahlreiche Anleitungen, Tipps und Hintergrundwissen aus der Praxis. Durch meine Erfahrung aus tausenden Kundenprojekten wei\u00df ich genau, worauf es beim Bier brauen und beim perfekten Ausschank wirklich ankommt. Wenn du Fragen rund ums Bier brauen oder Zapfanlagen hast, findest du hier im Blog viele praktische Anleitungen aus der Praxis. Mehr \u00fcber mich erf\u00e4hrst du hier: Zur Expertenseite","sameAs":["https:\/\/gastro-brennecke.de\/nico-brennecke-experte-hobbybrauen-schanktechnik\/"],"url":"https:\/\/gastro-brennecke.de\/blog\/author\/nico\/"}]}},"_links":{"self":[{"href":"https:\/\/gastro-brennecke.de\/blog\/wp-json\/wp\/v2\/posts\/4329","targetHints":{"allow":["GET"]}}],"collection":[{"href":"https:\/\/gastro-brennecke.de\/blog\/wp-json\/wp\/v2\/posts"}],"about":[{"href":"https:\/\/gastro-brennecke.de\/blog\/wp-json\/wp\/v2\/types\/post"}],"author":[{"embeddable":true,"href":"https:\/\/gastro-brennecke.de\/blog\/wp-json\/wp\/v2\/users\/3"}],"replies":[{"embeddable":true,"href":"https:\/\/gastro-brennecke.de\/blog\/wp-json\/wp\/v2\/comments?post=4329"}],"version-history":[{"count":5,"href":"https:\/\/gastro-brennecke.de\/blog\/wp-json\/wp\/v2\/posts\/4329\/revisions"}],"predecessor-version":[{"id":4334,"href":"https:\/\/gastro-brennecke.de\/blog\/wp-json\/wp\/v2\/posts\/4329\/revisions\/4334"}],"wp:featuredmedia":[{"embeddable":true,"href":"https:\/\/gastro-brennecke.de\/blog\/wp-json\/wp\/v2\/media\/4267"}],"wp:attachment":[{"href":"https:\/\/gastro-brennecke.de\/blog\/wp-json\/wp\/v2\/media?parent=4329"}],"wp:term":[{"taxonomy":"category","embeddable":true,"href":"https:\/\/gastro-brennecke.de\/blog\/wp-json\/wp\/v2\/categories?post=4329"},{"taxonomy":"post_tag","embeddable":true,"href":"https:\/\/gastro-brennecke.de\/blog\/wp-json\/wp\/v2\/tags?post=4329"}],"curies":[{"name":"wp","href":"https:\/\/api.w.org\/{rel}","templated":true}]}}