{"id":4127,"date":"2022-04-12T09:46:06","date_gmt":"2022-04-12T07:46:06","guid":{"rendered":"https:\/\/gastro-brennecke.de\/blog\/?p=4127"},"modified":"2026-04-12T16:39:13","modified_gmt":"2026-04-12T14:39:13","slug":"rund-ums-vatertagsbier","status":"publish","type":"post","link":"https:\/\/gastro-brennecke.de\/blog\/news\/rund-ums-vatertagsbier\/","title":{"rendered":"Rund ums Vatertagsbier"},"content":{"rendered":"\t\t<div data-elementor-type=\"wp-post\" data-elementor-id=\"4127\" class=\"elementor elementor-4127\" data-elementor-post-type=\"post\">\n\t\t\t\t\t\t<section class=\"elementor-section elementor-top-section elementor-element elementor-element-db3e7a2 elementor-section-boxed elementor-section-height-default elementor-section-height-default\" data-id=\"db3e7a2\" data-element_type=\"section\" data-e-type=\"section\">\n\t\t\t\t\t\t<div class=\"elementor-container elementor-column-gap-default\">\n\t\t\t\t\t<div class=\"elementor-column elementor-col-100 elementor-top-column elementor-element elementor-element-0cc1ccf\" data-id=\"0cc1ccf\" data-element_type=\"column\" data-e-type=\"column\">\n\t\t\t<div class=\"elementor-widget-wrap elementor-element-populated\">\n\t\t\t\t\t\t<div class=\"elementor-element elementor-element-ff93906 elementor-widget elementor-widget-heading\" data-id=\"ff93906\" data-element_type=\"widget\" data-e-type=\"widget\" data-widget_type=\"heading.default\">\n\t\t\t\t<div class=\"elementor-widget-container\">\n\t\t\t\t\t<h1 class=\"elementor-heading-title elementor-size-default\">Rund ums Vatertagsbier <\/h1>\t\t\t\t<\/div>\n\t\t\t\t<\/div>\n\t\t\t\t<div class=\"elementor-element elementor-element-6913580 elementor-widget elementor-widget-text-editor\" data-id=\"6913580\" data-element_type=\"widget\" data-e-type=\"widget\" data-widget_type=\"text-editor.default\">\n\t\t\t\t<div class=\"elementor-widget-container\">\n\t\t\t\t\t\t\t\t\t<p><i><span data-contrast=\"auto\">Vatertag oder auch Herrentag: <strong>Der Ehrentag der V\u00e4ter, Ersatzv\u00e4ter, M\u00e4nner und v\u00e4terlichen Freunde wird nun schon seit mehr als 100 Jahren gefeiert.<\/strong> Aber auch wer keine Vaterrolle \u00fcbernommen hat, ist gerne dabei. Er ist dann eben etwas weniger Vatertag und ein bisschen mehr Kumpel- oder M\u00e4nnertag. Immer mit von der Partie: Bier. Meistens im Fass, mal in Flaschen und am allerbesten gleich selbst gebraut.<\/span><\/i><span data-ccp-props=\"{&quot;201341983&quot;:0,&quot;335559740&quot;:276}\">\u00a0<\/span><\/p><p><span data-contrast=\"auto\">Der Vatertag in Deutschland f\u00e4llt in jedem Jahr auf den <strong>Christi<\/strong> <strong>Himmelfahrtstag<\/strong> und dieser ist genau 39 Tage nach Ostern. Entstanden ist der Vatertag bereits in der Mitte des 19. Jahrhunderts. Und wie sollte es anders sein, die Idee, auch den V\u00e4tern einen Ehrentag zu g\u00f6nnen, soll von einem Berliner Brauereiunternehmen stammen. Die Intention des Braumeisters: Der Umsatz sollte angekurbelt werden. Heute w\u00fcrde man so etwas als gelungene Marketingstrategie bezeichnen.\u00a0<\/span><span data-ccp-props=\"{&quot;201341983&quot;:0,&quot;335559740&quot;:276}\">\u00a0<\/span><\/p><p><span data-contrast=\"auto\">Der Vatertag findet <strong>nicht nur in Deutschland<\/strong> statt. Weltweit gibt es Ehrentage der V\u00e4ter, je nach Land finden diese an unterschiedlichen Tagen statt.<\/span><span data-ccp-props=\"{&quot;201341983&quot;:0,&quot;335559740&quot;:276}\">\u00a0<\/span><\/p><p><span data-ccp-props=\"{&quot;201341983&quot;:0,&quot;335559740&quot;:276}\">\u00a0<\/span><span data-contrast=\"auto\">In <strong>\u00d6sterreich<\/strong> ist der Vatertag immer am zweiten Sonntag im Juni, in den <strong>Niederlanden<\/strong> am dritten Sonntag und in <strong>D\u00e4nemark<\/strong> am 5. Juni. Der russische Vatertag findet bereits im Februar statt und in <strong>Italien<\/strong>, <strong>Spanien<\/strong> und <strong>Portugal<\/strong> werden die V\u00e4ter im M\u00e4rz geehrt. In <strong>Australien<\/strong> und <strong>Neuseeland<\/strong> m\u00fcssen die Herren bis in den September hinein auf ihren Ehrentag warten und in <strong>Thailand<\/strong> ist der Tag der V\u00e4ter im Dezember.<\/span><span data-ccp-props=\"{&quot;201341983&quot;:0,&quot;335559740&quot;:276}\">\u00a0<\/span><\/p><p><span data-contrast=\"auto\">In den <strong>USA<\/strong> hat der Vatertag in etwa die gleiche Bedeutung wie der Muttertag, \u00e4hnliches gilt f\u00fcr Italien.\u00a0<\/span><span data-ccp-props=\"{&quot;201341983&quot;:0,&quot;335559740&quot;:276}\">\u00a0<\/span><\/p><p><span data-ccp-props=\"{&quot;201341983&quot;:0,&quot;335559740&quot;:276}\">\u00a0<\/span><span data-contrast=\"auto\">Wenn es keine Geschenke oder kleine Aufmerksamkeiten von den eigenen Kindern gibt, dann feiern sich die V\u00e4ter \u2013 oder die, die es sein k\u00f6nnten \u2013 eben selbst. <strong>Mit Bier<\/strong>, Bollerwagen und Musik versteht sich.<\/span><span data-ccp-props=\"{&quot;201341983&quot;:0,&quot;335559740&quot;:276}\">\u00a0<\/span><\/p>\t\t\t\t\t\t\t\t<\/div>\n\t\t\t\t<\/div>\n\t\t\t\t<div class=\"elementor-element elementor-element-ca64a26 elementor-widget elementor-widget-heading\" data-id=\"ca64a26\" data-element_type=\"widget\" data-e-type=\"widget\" data-widget_type=\"heading.default\">\n\t\t\t\t<div class=\"elementor-widget-container\">\n\t\t\t\t\t<h2 class=\"elementor-heading-title elementor-size-default\">Herrentag, Ausflugstag und Bier <\/h2>\t\t\t\t<\/div>\n\t\t\t\t<\/div>\n\t\t\t\t<div class=\"elementor-element elementor-element-bf4ff49 elementor-widget elementor-widget-text-editor\" data-id=\"bf4ff49\" data-element_type=\"widget\" data-e-type=\"widget\" data-widget_type=\"text-editor.default\">\n\t\t\t\t<div class=\"elementor-widget-container\">\n\t\t\t\t\t\t\t\t\t<p><span data-contrast=\"auto\">G\u00fcnter Grass beschreibt ihn in seinem Roman \u201cDer Butt\u201d ganz treffend:<strong>\u201c Eine bierselige Horde singender M\u00e4nner, ein ganzes Volk M\u00e4nner, nur M\u00e4nner fahren ins Gr\u00fcne.\u201d<\/strong> Das trifft es sicher in vielen F\u00e4llen ganz gut, das typische Vatertagsevent. Zum obligatorischen Vatertagsausflug in der Natur geh\u00f6rt das F\u00e4sschen Gerstensaft f\u00fcr die meisten Feierfreudigen dazu.<\/span><span data-ccp-props=\"{&quot;201341983&quot;:0,&quot;335559740&quot;:276}\">\u00a0<\/span><\/p><p><span data-ccp-props=\"{&quot;201341983&quot;:0,&quot;335559740&quot;:276}\">\u00a0<\/span><span data-contrast=\"auto\">In den St\u00e4dten geht es an diesem Tag eher in die Kneipen. Und dann gibt es nat\u00fcrlich noch die vielen V\u00e4ter, die ihren Ehrentag gemeinsam mit ihrer Familie feiern. <strong>Ein Frischgezapftes darf es aber trotzdem gerne sein.<\/strong><\/span><span data-ccp-props=\"{&quot;201341983&quot;:0,&quot;335559740&quot;:276}\">\u00a0<\/span><\/p><p><span data-ccp-props=\"{&quot;201341983&quot;:0,&quot;335559740&quot;:276}\">\u00a0<\/span><span data-contrast=\"auto\">Da Bier und Vatertag nun mal zusammen geh\u00f6ren, wie w\u00e4re es da mit einer ganz neuen Tradition? <strong>Einem selbstgebrauten Vatertagsbier<\/strong>? Mit einem Starterset zum Bierbrauen und den richtigen Rezepten schaffen das auch Anf\u00e4nger. Au\u00dferdem: So ein Starterset zum Bierbrauen ist auch ein passendes Geschenk zum Vatertag.<\/span><span data-ccp-props=\"{&quot;201341983&quot;:0,&quot;335559740&quot;:276}\">\u00a0<\/span><\/p>\t\t\t\t\t\t\t\t<\/div>\n\t\t\t\t<\/div>\n\t\t\t\t<div class=\"elementor-element elementor-element-b518c2e elementor-widget elementor-widget-heading\" data-id=\"b518c2e\" data-element_type=\"widget\" data-e-type=\"widget\" data-widget_type=\"heading.default\">\n\t\t\t\t<div class=\"elementor-widget-container\">\n\t\t\t\t\t<h2 class=\"elementor-heading-title elementor-size-default\">Welches Bier zum Vatertag? <\/h2>\t\t\t\t<\/div>\n\t\t\t\t<\/div>\n\t\t\t\t<div class=\"elementor-element elementor-element-6ef25fc elementor-widget elementor-widget-text-editor\" data-id=\"6ef25fc\" data-element_type=\"widget\" data-e-type=\"widget\" data-widget_type=\"text-editor.default\">\n\t\t\t\t<div class=\"elementor-widget-container\">\n\t\t\t\t\t\t\t\t\t<p><span data-contrast=\"auto\">Welches Bier nun am Herren- oder Vatertag konsumiert wird, das ist je nach Geschmack und Region verschieden. Das ultimative Vatertagsbier gibt es nicht. In allen Regionen beliebt ist das <strong>unterg\u00e4rige Lagerbier<\/strong>, das per se schon mal zu den beliebtesten Bierstilen in Deutschland geh\u00f6rt. Ansonsten passen eher leichte und spritzige Biere zum Vatertagsausflug.\u00a0<\/span><span data-ccp-props=\"{&quot;201341983&quot;:0,&quot;335559740&quot;:276}\">\u00a0<\/span><\/p><p><span data-ccp-props=\"{&quot;201341983&quot;:0,&quot;335559740&quot;:276}\">\u00a0<\/span><span data-contrast=\"auto\">In der K\u00f6lner Region geh\u00f6rt das <\/span><a href=\"https:\/\/gastro-brennecke.de\/blog\/rezepturen\/koelsch-bier-rezept\/\"><b><span data-contrast=\"auto\">K\u00f6lsch<\/span><\/b><\/a><span data-contrast=\"auto\"> zu den meistgetrunkenen Bieren, hier ist es auch das obligatorische Vatertagsbier. Das helle oberg\u00e4rige Bier hat einen Alkoholgehalt von rund 4,8 Prozent und gilt als relativ mild. Was dem K\u00f6lner sein K\u00f6lsch ist, ist f\u00fcr den D\u00fcsseldorfer sein Alt. Das dunklere Alt ist malziger als sein K\u00f6lner Pendant, diesem aber in der Brauart sehr \u00e4hnlich. Im Gro\u00dfraum D\u00fcsseldorf ist das <\/span><a href=\"https:\/\/gastro-brennecke.de\/blog\/rezepturen\/rezept-duesseldorfer-alt\/\"><b><span data-contrast=\"auto\">Alt<\/span><\/b><\/a><span data-contrast=\"auto\"> sicherlich das Vatertagsbier No. 1, dicht gefolgt vom Pils.\u00a0<\/span><span data-ccp-props=\"{&quot;201341983&quot;:0,&quot;335559740&quot;:276}\">\u00a0<\/span><\/p><p><span data-ccp-props=\"{&quot;201341983&quot;:0,&quot;335559740&quot;:276}\">\u00a0<\/span><a href=\"https:\/\/gastro-brennecke.de\/blog\/rezepturen\/pils-bier-rezept\/\"><b><span data-contrast=\"auto\">Pils<\/span><\/b><\/a><span data-contrast=\"auto\"> ist das Bier des Ruhrgebiets, des Nordens und des Ostens. Jede Region hat seine favorisierte Sorte. Ob nun ein goldenes Flensburger oder ein herbes Beck\u2019s aus dem k\u00fchlen Norden, ein spritziges Bitburger, ein Warsteiner aus dem Sauerland, ein Karlsberger Urpils oder ein Hasser\u00f6der \u2013 die Liste l\u00e4sst sich fortsetzen. Vielleicht darf es ein Veltins sein oder doch ein Radeberger? Deutschland ist Bierland, mit <\/span><b><span data-contrast=\"auto\">mehr als 6.000\u00a0 Biermarken<\/span><\/b><span data-contrast=\"auto\">.<\/span><span data-ccp-props=\"{&quot;201341983&quot;:0,&quot;335559740&quot;:276}\">\u00a0<\/span><\/p><p><span data-ccp-props=\"{&quot;201341983&quot;:0,&quot;335559740&quot;:276}\">\u00a0<\/span><span data-contrast=\"auto\">Das Pils der Krombacher Brauerei gilt derzeit als die meistverkaufte Biermarke in Deutschland. Auch Mixgetr\u00e4nke wie das Radler und alkoholfreies Bier sind <strong>gern getrunkene Vatertagsbiere<\/strong>. Das alkoholfreie Bitburger geh\u00f6rt zu den beliebtesten alkoholfreien Biermarken. Die Biermarke Hasser\u00f6der ist Marktf\u00fchrer in Ostdeutschland, ihr Premium Pilsener ist eins der meistverkauften Biere, auch \u00fcberregional.<\/span><span data-ccp-props=\"{&quot;201341983&quot;:0,&quot;335559740&quot;:276}\">\u00a0<\/span><\/p><p><span data-ccp-props=\"{&quot;201341983&quot;:0,&quot;335559740&quot;:276}\">\u00a0<\/span><span data-contrast=\"auto\">Auch das <\/span><b><span data-contrast=\"auto\">Weizen<\/span><\/b><span data-contrast=\"auto\"> ist ein viel genossenes Vatertagsbier \u2013 vor allem in den s\u00fcdlichen Landesteilen. Da der Vatertag ja meistens in den Mai oder auf Anfang Juni f\u00e4llt, ist ein erfrischendes Sommerbier ideal. Und das Weizen gilt definitiv als Sommerbier. Das Weizen wird in Bayern auch als Wei\u00dfes bezeichnet und in der Regel oberg\u00e4rig gebraut. Bayerisches Weizenbier hat einen Alkoholanteil von rund f\u00fcnf Prozent.<\/span><span data-ccp-props=\"{&quot;201341983&quot;:0,&quot;335559740&quot;:276}\">\u00a0<\/span><\/p>\t\t\t\t\t\t\t\t<\/div>\n\t\t\t\t<\/div>\n\t\t\t\t<div class=\"elementor-element elementor-element-6c88314 elementor-widget elementor-widget-heading\" data-id=\"6c88314\" data-element_type=\"widget\" data-e-type=\"widget\" data-widget_type=\"heading.default\">\n\t\t\t\t<div class=\"elementor-widget-container\">\n\t\t\t\t\t<h2 class=\"elementor-heading-title elementor-size-default\">Vatertagsbier mal selbstgebraut? <\/h2>\t\t\t\t<\/div>\n\t\t\t\t<\/div>\n\t\t\t\t<div class=\"elementor-element elementor-element-6fc3a3c elementor-widget elementor-widget-text-editor\" data-id=\"6fc3a3c\" data-element_type=\"widget\" data-e-type=\"widget\" data-widget_type=\"text-editor.default\">\n\t\t\t\t<div class=\"elementor-widget-container\">\n\t\t\t\t\t\t\t\t\t<p><span data-contrast=\"auto\">Das Selberbrauen ist nicht nur etwas f\u00fcr erfahrene Braumeister und versierte Hobbybrauer. Mit bereits vorgefertigten Maischemischungen, einer guten Anleitung und einem Brauset, das alles enth\u00e4lt, was der frischgebackene Bierbrauer braucht, kann es auch f\u00fcr dich mit dem Brauen losgehen. M\u00f6glich ist jede Biersorte, die du dir w\u00fcnschst. Wie w\u00e4re es denn mal mit einem Braubuch als E-Book? Das ist unser Geschenk zum Vatertag \u2013<\/span><span data-contrast=\"none\"> das gro\u00dfe Braubuch<\/span><span data-contrast=\"auto\"> ist kostenfrei. Du kannst dich also entspannt in die Kunst des Bierbrauens einlesen. Startersets f\u00fcr Anf\u00e4nger und Fortgeschrittene findest du<\/span><a href=\"https:\/\/gastro-brennecke.de\/bier-brauen\/bierbrausets\/\"><span data-contrast=\"none\"> hier<\/span><\/a><span data-contrast=\"auto\">.<\/span><span data-ccp-props=\"{&quot;201341983&quot;:0,&quot;335559740&quot;:276}\">\u00a0<\/span><\/p><p><span data-contrast=\"auto\">F\u00fcr die Sets von Gastro Brennecke gilt: Du kannst jedes Brauset beliebig erweitern.\u00a0<\/span><span data-ccp-props=\"{&quot;201341983&quot;:0,&quot;335559740&quot;:276}\">\u00a0<\/span><\/p>\t\t\t\t\t\t\t\t<\/div>\n\t\t\t\t<\/div>\n\t\t\t\t<div class=\"elementor-element elementor-element-0649408 elementor-widget elementor-widget-heading\" data-id=\"0649408\" data-element_type=\"widget\" data-e-type=\"widget\" data-widget_type=\"heading.default\">\n\t\t\t\t<div class=\"elementor-widget-container\">\n\t\t\t\t\t<h2 class=\"elementor-heading-title elementor-size-default\">In 5 Schritten zum eigenen Vatertagsbier <\/h2>\t\t\t\t<\/div>\n\t\t\t\t<\/div>\n\t\t\t\t<div class=\"elementor-element elementor-element-6c88d78 elementor-widget elementor-widget-text-editor\" data-id=\"6c88d78\" data-element_type=\"widget\" data-e-type=\"widget\" data-widget_type=\"text-editor.default\">\n\t\t\t\t<div class=\"elementor-widget-container\">\n\t\t\t\t\t\t\t\t\t<p><span data-contrast=\"auto\">Um dein eigenes Vatertagsbier zu brauen, ben\u00f6tigst du neben den Must-haves: Malz, Hopfen und Hefe, dein Starterset, ein Rezept, das einfach nachzubrauen ist und die \u00fcblichen K\u00fcchenger\u00e4te. Dein Braukeller ist deine eigene K\u00fcche. <strong>Der Brauprozess selbst besteht aus 5 Schritten<\/strong>: dem Mischen, dem L\u00e4utern, dem Hopfenkochen, der G\u00e4rung, der Flaschenreifung.\u00a0<\/span><span data-ccp-props=\"{&quot;201341983&quot;:0,&quot;335559740&quot;:276}\">\u00a0<\/span><\/p><p><span data-ccp-props=\"{&quot;201341983&quot;:0,&quot;335559740&quot;:276}\">\u00a0<\/span><span data-contrast=\"auto\">Was du dir darunter genau vorstellen kannst? Ganz einfach:<\/span><span data-ccp-props=\"{&quot;201341983&quot;:0,&quot;335559740&quot;:276}\">\u00a0<\/span><\/p><ol><li><span data-ccp-props=\"{&quot;201341983&quot;:0,&quot;335559740&quot;:276}\">\u00a0<\/span><b><span data-contrast=\"auto\">Das Maischen<\/span><\/b><span data-contrast=\"auto\">: Das Braumalz wird mit Wasser gemischt, die sogenannte Maische entsteht. Das Ganze wird nun erhitzt. Aus dem Braumalz wird auf diese Weise Zucker gewonnen \u2013 in einem sp\u00e4teren Schritt wandelt die Bierhefe diesen in Alkohol um.\u00a0<\/span><span data-ccp-props=\"{&quot;201341983&quot;:0,&quot;335559685&quot;:720,&quot;335559740&quot;:276,&quot;335559991&quot;:360}\">\u00a0<\/span><\/li><li data-leveltext=\"%1.\" data-font=\"\" data-listid=\"1\" aria-setsize=\"-1\" data-aria-posinset=\"2\" data-aria-level=\"1\"><b><span data-contrast=\"auto\">Das L\u00e4utern<\/span><\/b><span data-contrast=\"auto\">: Der sogenannte Malztreber und die Fl\u00fcssigkeit werden getrennt. Die nun gewonnene Fl\u00fcssigkeit wird W\u00fcrze genannt \u2013 aus ihr entsteht jetzt nach und nach das Bier.<\/span><span data-ccp-props=\"{&quot;201341983&quot;:0,&quot;335559685&quot;:720,&quot;335559740&quot;:276,&quot;335559991&quot;:360}\">\u00a0<\/span><\/li><li><span data-ccp-props=\"{&quot;201341983&quot;:0,&quot;335559685&quot;:720,&quot;335559740&quot;:276}\">\u00a0<\/span><b><span data-contrast=\"auto\">Hopfenkochen<\/span><\/b><span data-contrast=\"auto\">: Der Hopfen wird zur W\u00fcrze hinzugegeben. Er sorgt f\u00fcr das charakteristische Aroma des Bieres (mehr herb oder mehr fruchtig) und die gew\u00fcnschte Bittere.<\/span><span data-ccp-props=\"{&quot;201341983&quot;:0,&quot;335559685&quot;:720,&quot;335559740&quot;:276,&quot;335559991&quot;:360}\">\u00a0<\/span><\/li><li><span data-ccp-props=\"{&quot;201341983&quot;:0,&quot;335559685&quot;:720,&quot;335559740&quot;:276}\">\u00a0<\/span><b><span data-contrast=\"auto\">Die G\u00e4rung<\/span><\/b><span data-contrast=\"auto\">: Nun kommt die Brauhefe zum Einsatz. Je nach gew\u00fcnschtem Bierstil sind unterschiedlichste Hefen verf\u00fcgbar: trocken, fl\u00fcssig, ober- oder unterg\u00e4rig. Die Hefe wird zur W\u00fcrze gegeben. Im Laufe der n\u00e4chsten Wochen sorgt sie f\u00fcr die Umwandlung des Malzzuckers in Alkohol.<\/span><span data-ccp-props=\"{&quot;201341983&quot;:0,&quot;335559685&quot;:720,&quot;335559740&quot;:276,&quot;335559991&quot;:360}\">\u00a0<\/span><\/li><li><span data-ccp-props=\"{&quot;201341983&quot;:0,&quot;335559685&quot;:720,&quot;335559740&quot;:276}\">\u00a0<\/span><b><span data-contrast=\"auto\">Flaschenreifung<\/span><\/b><span data-contrast=\"auto\">: Das Bier, das nun entstanden ist, nennt sich Jungbier. Es wird in Flaschen abgef\u00fcllt und verkorkt. Die Nachreifung in der Flasche dauert jetzt nochmal zwischen zwei und vier Wochen.\u00a0<\/span><span data-ccp-props=\"{&quot;201341983&quot;:0,&quot;335559685&quot;:720,&quot;335559740&quot;:276,&quot;335559991&quot;:360}\">\u00a0<\/span><\/li><\/ol><p><span data-ccp-props=\"{&quot;201341983&quot;:0,&quot;335559740&quot;:276}\">\u00a0<\/span><i><span data-contrast=\"auto\">Und? Auf den Geschmack gekommen? Dann brau einfach weiter mit unserem gro\u00dfen Brauchbuch und deinem Starterset.<\/span><\/i><span data-ccp-props=\"{&quot;201341983&quot;:0,&quot;335559740&quot;:276}\">\u00a0<\/span><\/p><p><span data-ccp-props=\"{&quot;201341983&quot;:0,&quot;335559740&quot;:276}\">\u00a0<\/span><\/p><p><span data-ccp-props=\"{&quot;201341983&quot;:0,&quot;335559740&quot;:276}\">\u00a0<\/span><\/p>\t\t\t\t\t\t\t\t<\/div>\n\t\t\t\t<\/div>\n\t\t\t\t\t<\/div>\n\t\t<\/div>\n\t\t\t\t\t<\/div>\n\t\t<\/section>\n\t\t\t\t<section class=\"elementor-section elementor-top-section elementor-element elementor-element-5179a56 elementor-section-boxed elementor-section-height-default elementor-section-height-default\" data-id=\"5179a56\" data-element_type=\"section\" data-e-type=\"section\">\n\t\t\t\t\t\t<div class=\"elementor-container elementor-column-gap-default\">\n\t\t\t\t\t<div class=\"elementor-column elementor-col-100 elementor-top-column elementor-element elementor-element-24be952\" data-id=\"24be952\" data-element_type=\"column\" data-e-type=\"column\">\n\t\t\t<div class=\"elementor-widget-wrap elementor-element-populated\">\n\t\t\t\t\t\t<div class=\"elementor-element elementor-element-097c0d8 elementor-cta--layout-image-left elementor-cta--skin-classic elementor-animated-content elementor-bg-transform elementor-bg-transform-zoom-in elementor-widget elementor-widget-call-to-action\" data-id=\"097c0d8\" data-element_type=\"widget\" data-e-type=\"widget\" data-widget_type=\"call-to-action.default\">\n\t\t\t\t<div class=\"elementor-widget-container\">\n\t\t\t\t\t\t\t<div class=\"elementor-cta\">\n\t\t\t\t\t<div class=\"elementor-cta__bg-wrapper\">\n\t\t\t\t<div class=\"elementor-cta__bg elementor-bg\" style=\"background-image: url(https:\/\/gastro-brennecke.de\/blog\/wp-content\/uploads\/2021\/09\/Cover-leadmagnet.jpg);\" role=\"img\" aria-label=\"Brenneckes ultimative Bierbrau-Buch\"><\/div>\n\t\t\t\t<div class=\"elementor-cta__bg-overlay\"><\/div>\n\t\t\t<\/div>\n\t\t\t\t\t\t\t<div class=\"elementor-cta__content\">\n\t\t\t\t\n\t\t\t\t\t\t\t\t\t<h2 class=\"elementor-cta__title elementor-cta__content-item elementor-content-item\">\n\t\t\t\t\t\tDein Bierbraubuch als Download!\t\t\t\t\t<\/h2>\n\t\t\t\t\n\t\t\t\t\t\t\t\t\t<div class=\"elementor-cta__description elementor-cta__content-item elementor-content-item\">\n\t\t\t\t\t\tSo viele Rezepte zur Auswahl und du willst keins verpassen? Dann hol dir unser Bierbraubuch, gratis als Download!\t\t\t\t\t<\/div>\n\t\t\t\t\n\t\t\t\t\t\t\t\t\t<div class=\"elementor-cta__button-wrapper elementor-cta__content-item elementor-content-item \">\n\t\t\t\t\t<a class=\"elementor-cta__button elementor-button elementor-size-\" href=\"https:\/\/bierbrauen-fuer-anfaenger.de\/\">\n\t\t\t\t\t\tHier klicken\t\t\t\t\t<\/a>\n\t\t\t\t\t<\/div>\n\t\t\t\t\t\t\t<\/div>\n\t\t\t\t\t\t<\/div>\n\t\t\t\t\t\t<\/div>\n\t\t\t\t<\/div>\n\t\t\t\t\t<\/div>\n\t\t<\/div>\n\t\t\t\t\t<\/div>\n\t\t<\/section>\n\t\t\t\t<\/div>\n\t\t","protected":false},"excerpt":{"rendered":"<p>Rund ums Vatertagsbier Vatertag oder auch Herrentag: Der Ehrentag der V\u00e4ter, Ersatzv\u00e4ter, M\u00e4nner und v\u00e4terlichen Freunde wird nun schon seit mehr als 100 Jahren gefeiert. Aber auch wer keine Vaterrolle \u00fcbernommen hat, ist gerne dabei. Er ist dann eben etwas weniger Vatertag und ein bisschen mehr Kumpel- oder M\u00e4nnertag. Immer mit von der Partie: Bier. [&hellip;]<\/p>\n","protected":false},"author":3,"featured_media":3542,"comment_status":"open","ping_status":"open","sticky":false,"template":"","format":"standard","meta":{"footnotes":""},"categories":[1,21],"tags":[259,258,257,256,255],"class_list":["post-4127","post","type-post","status-publish","format-standard","has-post-thumbnail","hentry","category-news","category-wissenswertes","tag-flaschenreifung","tag-gaerung","tag-hopfenkochen","tag-laeutern","tag-maischen"],"yoast_head":"<!-- This site is optimized with the Yoast SEO plugin v27.4 - https:\/\/yoast.com\/product\/yoast-seo-wordpress\/ -->\n<title>Rund ums Vatertagsbier - Gastro Brennecke Blog<\/title>\n<meta name=\"description\" content=\"Sein eigenes Bier zu brauen ist eine tolle M\u00f6glichkeit, den Vatertag zu feiern. Wir haben die Rezepte, die jeden Vater gl\u00fccklich machen!\" \/>\n<meta name=\"robots\" content=\"index, follow, max-snippet:-1, max-image-preview:large, max-video-preview:-1\" \/>\n<link rel=\"canonical\" href=\"https:\/\/gastro-brennecke.de\/blog\/news\/rund-ums-vatertagsbier\/\" \/>\n<meta property=\"og:locale\" content=\"de_DE\" \/>\n<meta property=\"og:type\" content=\"article\" \/>\n<meta property=\"og:title\" content=\"Rund ums Vatertagsbier - Gastro Brennecke Blog\" \/>\n<meta property=\"og:description\" content=\"Sein eigenes Bier zu brauen ist eine tolle M\u00f6glichkeit, den Vatertag zu feiern. Wir haben die Rezepte, die jeden Vater gl\u00fccklich machen!\" \/>\n<meta property=\"og:url\" content=\"https:\/\/gastro-brennecke.de\/blog\/news\/rund-ums-vatertagsbier\/\" \/>\n<meta property=\"og:site_name\" content=\"Gastro Brennecke Blog\" \/>\n<meta property=\"article:publisher\" content=\"https:\/\/www.facebook.com\/gastrobrennecke\" \/>\n<meta property=\"article:published_time\" content=\"2022-04-12T07:46:06+00:00\" \/>\n<meta property=\"article:modified_time\" content=\"2026-04-12T14:39:13+00:00\" \/>\n<meta property=\"og:image\" content=\"https:\/\/gastro-brennecke.de\/blog\/wp-content\/uploads\/2021\/03\/Vatertagsbier.jpg\" \/>\n\t<meta property=\"og:image:width\" content=\"1200\" \/>\n\t<meta property=\"og:image:height\" content=\"1200\" \/>\n\t<meta property=\"og:image:type\" content=\"image\/jpeg\" \/>\n<meta name=\"author\" content=\"Nico Brennecke\" \/>\n<meta name=\"twitter:card\" content=\"summary_large_image\" \/>\n<meta name=\"twitter:creator\" content=\"@GastroBrennecke\" \/>\n<meta name=\"twitter:site\" content=\"@GastroBrennecke\" \/>\n<meta name=\"twitter:label1\" content=\"Verfasst von\" \/>\n\t<meta name=\"twitter:data1\" content=\"Nico Brennecke\" \/>\n\t<meta name=\"twitter:label2\" content=\"Gesch\u00e4tzte Lesezeit\" \/>\n\t<meta name=\"twitter:data2\" content=\"7\u00a0Minuten\" \/>\n<script type=\"application\/ld+json\" class=\"yoast-schema-graph\">{\"@context\":\"https:\\\/\\\/schema.org\",\"@graph\":[{\"@type\":\"Article\",\"@id\":\"https:\\\/\\\/gastro-brennecke.de\\\/blog\\\/news\\\/rund-ums-vatertagsbier\\\/#article\",\"isPartOf\":{\"@id\":\"https:\\\/\\\/gastro-brennecke.de\\\/blog\\\/news\\\/rund-ums-vatertagsbier\\\/\"},\"author\":{\"name\":\"Nico Brennecke\",\"@id\":\"https:\\\/\\\/gastro-brennecke.de\\\/blog\\\/#\\\/schema\\\/person\\\/f08b921dc43532d46c5935307f76c2d5\"},\"headline\":\"Rund ums Vatertagsbier\",\"datePublished\":\"2022-04-12T07:46:06+00:00\",\"dateModified\":\"2026-04-12T14:39:13+00:00\",\"mainEntityOfPage\":{\"@id\":\"https:\\\/\\\/gastro-brennecke.de\\\/blog\\\/news\\\/rund-ums-vatertagsbier\\\/\"},\"wordCount\":1186,\"commentCount\":0,\"publisher\":{\"@id\":\"https:\\\/\\\/gastro-brennecke.de\\\/blog\\\/#organization\"},\"image\":{\"@id\":\"https:\\\/\\\/gastro-brennecke.de\\\/blog\\\/news\\\/rund-ums-vatertagsbier\\\/#primaryimage\"},\"thumbnailUrl\":\"https:\\\/\\\/gastro-brennecke.de\\\/blog\\\/wp-content\\\/uploads\\\/2021\\\/03\\\/Vatertagsbier.jpg?wsr\",\"keywords\":[\"Flaschenreifung\",\"G\u00e4rung\",\"Hopfenkochen\",\"l\u00e4utern\",\"maischen\"],\"articleSection\":[\"News\",\"Wissenswertes\"],\"inLanguage\":\"de\",\"potentialAction\":[{\"@type\":\"CommentAction\",\"name\":\"Comment\",\"target\":[\"https:\\\/\\\/gastro-brennecke.de\\\/blog\\\/news\\\/rund-ums-vatertagsbier\\\/#respond\"]}]},{\"@type\":\"WebPage\",\"@id\":\"https:\\\/\\\/gastro-brennecke.de\\\/blog\\\/news\\\/rund-ums-vatertagsbier\\\/\",\"url\":\"https:\\\/\\\/gastro-brennecke.de\\\/blog\\\/news\\\/rund-ums-vatertagsbier\\\/\",\"name\":\"Rund ums Vatertagsbier - Gastro Brennecke Blog\",\"isPartOf\":{\"@id\":\"https:\\\/\\\/gastro-brennecke.de\\\/blog\\\/#website\"},\"primaryImageOfPage\":{\"@id\":\"https:\\\/\\\/gastro-brennecke.de\\\/blog\\\/news\\\/rund-ums-vatertagsbier\\\/#primaryimage\"},\"image\":{\"@id\":\"https:\\\/\\\/gastro-brennecke.de\\\/blog\\\/news\\\/rund-ums-vatertagsbier\\\/#primaryimage\"},\"thumbnailUrl\":\"https:\\\/\\\/gastro-brennecke.de\\\/blog\\\/wp-content\\\/uploads\\\/2021\\\/03\\\/Vatertagsbier.jpg?wsr\",\"datePublished\":\"2022-04-12T07:46:06+00:00\",\"dateModified\":\"2026-04-12T14:39:13+00:00\",\"description\":\"Sein eigenes Bier zu brauen ist eine tolle M\u00f6glichkeit, den Vatertag zu feiern. Wir haben die Rezepte, die jeden Vater gl\u00fccklich machen!\",\"breadcrumb\":{\"@id\":\"https:\\\/\\\/gastro-brennecke.de\\\/blog\\\/news\\\/rund-ums-vatertagsbier\\\/#breadcrumb\"},\"inLanguage\":\"de\",\"potentialAction\":[{\"@type\":\"ReadAction\",\"target\":[\"https:\\\/\\\/gastro-brennecke.de\\\/blog\\\/news\\\/rund-ums-vatertagsbier\\\/\"]}]},{\"@type\":\"ImageObject\",\"inLanguage\":\"de\",\"@id\":\"https:\\\/\\\/gastro-brennecke.de\\\/blog\\\/news\\\/rund-ums-vatertagsbier\\\/#primaryimage\",\"url\":\"https:\\\/\\\/gastro-brennecke.de\\\/blog\\\/wp-content\\\/uploads\\\/2021\\\/03\\\/Vatertagsbier.jpg?wsr\",\"contentUrl\":\"https:\\\/\\\/gastro-brennecke.de\\\/blog\\\/wp-content\\\/uploads\\\/2021\\\/03\\\/Vatertagsbier.jpg?wsr\",\"width\":1200,\"height\":1200},{\"@type\":\"BreadcrumbList\",\"@id\":\"https:\\\/\\\/gastro-brennecke.de\\\/blog\\\/news\\\/rund-ums-vatertagsbier\\\/#breadcrumb\",\"itemListElement\":[{\"@type\":\"ListItem\",\"position\":1,\"name\":\"Startseite\",\"item\":\"https:\\\/\\\/gastro-brennecke.de\\\/blog\\\/\"},{\"@type\":\"ListItem\",\"position\":2,\"name\":\"Rund ums Vatertagsbier\"}]},{\"@type\":\"WebSite\",\"@id\":\"https:\\\/\\\/gastro-brennecke.de\\\/blog\\\/#website\",\"url\":\"https:\\\/\\\/gastro-brennecke.de\\\/blog\\\/\",\"name\":\"Gastro Brennecke Blog\",\"description\":\"Bier selber brauen | Schank &amp; Zapfanlagen - Gastro Brennecke\",\"publisher\":{\"@id\":\"https:\\\/\\\/gastro-brennecke.de\\\/blog\\\/#organization\"},\"potentialAction\":[{\"@type\":\"SearchAction\",\"target\":{\"@type\":\"EntryPoint\",\"urlTemplate\":\"https:\\\/\\\/gastro-brennecke.de\\\/blog\\\/?s={search_term_string}\"},\"query-input\":{\"@type\":\"PropertyValueSpecification\",\"valueRequired\":true,\"valueName\":\"search_term_string\"}}],\"inLanguage\":\"de\"},{\"@type\":\"Organization\",\"@id\":\"https:\\\/\\\/gastro-brennecke.de\\\/blog\\\/#organization\",\"name\":\"Gastro Brennecke Blog\",\"url\":\"https:\\\/\\\/gastro-brennecke.de\\\/blog\\\/\",\"logo\":{\"@type\":\"ImageObject\",\"inLanguage\":\"de\",\"@id\":\"https:\\\/\\\/gastro-brennecke.de\\\/blog\\\/#\\\/schema\\\/logo\\\/image\\\/\",\"url\":\"https:\\\/\\\/gastro-brennecke.de\\\/blog\\\/wp-content\\\/uploads\\\/2020\\\/11\\\/2020-brennecke-logo.png?wsr\",\"contentUrl\":\"https:\\\/\\\/gastro-brennecke.de\\\/blog\\\/wp-content\\\/uploads\\\/2020\\\/11\\\/2020-brennecke-logo.png?wsr\",\"width\":462,\"height\":136,\"caption\":\"Gastro Brennecke Blog\"},\"image\":{\"@id\":\"https:\\\/\\\/gastro-brennecke.de\\\/blog\\\/#\\\/schema\\\/logo\\\/image\\\/\"},\"sameAs\":[\"https:\\\/\\\/www.facebook.com\\\/gastrobrennecke\",\"https:\\\/\\\/x.com\\\/GastroBrennecke\",\"https:\\\/\\\/www.linkedin.com\\\/in\\\/nico-brennecke-770a64217\\\/\",\"https:\\\/\\\/www.pinterest.de\\\/bierbrauen\",\"https:\\\/\\\/www.youtube.com\\\/user\\\/gastrokomplett\"]},{\"@type\":\"Person\",\"@id\":\"https:\\\/\\\/gastro-brennecke.de\\\/blog\\\/#\\\/schema\\\/person\\\/f08b921dc43532d46c5935307f76c2d5\",\"name\":\"Nico Brennecke\",\"pronouns\":\"er\\\/ihm\",\"image\":{\"@type\":\"ImageObject\",\"inLanguage\":\"de\",\"@id\":\"https:\\\/\\\/secure.gravatar.com\\\/avatar\\\/265753c7995506fcc19fd4b8a2ce9183d2515b32050fd9a3548bd671d9f7ca1a?s=96&d=mm&r=g\",\"url\":\"https:\\\/\\\/secure.gravatar.com\\\/avatar\\\/265753c7995506fcc19fd4b8a2ce9183d2515b32050fd9a3548bd671d9f7ca1a?s=96&d=mm&r=g\",\"contentUrl\":\"https:\\\/\\\/secure.gravatar.com\\\/avatar\\\/265753c7995506fcc19fd4b8a2ce9183d2515b32050fd9a3548bd671d9f7ca1a?s=96&d=mm&r=g\",\"caption\":\"Nico Brennecke\"},\"description\":\"Ich bin Nico Brennecke, Experte f\u00fcr Hobbybrauen und Schanktechnik und Inhaber von Gastro Brennecke mit \u00fcber 15 Jahren Erfahrung. Unser Familienunternehmen besteht seit \u00fcber 40 Jahren und hat sich auf alles rund ums Bier brauen, Zapfanlagen und Ausschanktechnik spezialisiert. Vom Einsteiger bis zur Gastronomie unterst\u00fctze ich t\u00e4glich Kunden bei der Auswahl der passenden Technik und Zutaten. Besonders wichtig ist mir, dass unsere Produkte nicht nur verkauft, sondern auch verstanden werden. Deshalb findest du in unserer Wissenswelt, im Blog und im Lexikon zahlreiche Anleitungen, Tipps und Hintergrundwissen aus der Praxis. Durch meine Erfahrung aus tausenden Kundenprojekten wei\u00df ich genau, worauf es beim Bier brauen und beim perfekten Ausschank wirklich ankommt. Wenn du Fragen rund ums Bier brauen oder Zapfanlagen hast, findest du hier im Blog viele praktische Anleitungen aus der Praxis. Mehr \u00fcber mich erf\u00e4hrst du hier: Zur Expertenseite\",\"sameAs\":[\"https:\\\/\\\/gastro-brennecke.de\\\/nico-brennecke-experte-hobbybrauen-schanktechnik\\\/\"],\"url\":\"https:\\\/\\\/gastro-brennecke.de\\\/blog\\\/author\\\/nico\\\/\"}]}<\/script>\n<!-- \/ Yoast SEO plugin. -->","yoast_head_json":{"title":"Rund ums Vatertagsbier - Gastro Brennecke Blog","description":"Sein eigenes Bier zu brauen ist eine tolle M\u00f6glichkeit, den Vatertag zu feiern. Wir haben die Rezepte, die jeden Vater gl\u00fccklich machen!","robots":{"index":"index","follow":"follow","max-snippet":"max-snippet:-1","max-image-preview":"max-image-preview:large","max-video-preview":"max-video-preview:-1"},"canonical":"https:\/\/gastro-brennecke.de\/blog\/news\/rund-ums-vatertagsbier\/","og_locale":"de_DE","og_type":"article","og_title":"Rund ums Vatertagsbier - Gastro Brennecke Blog","og_description":"Sein eigenes Bier zu brauen ist eine tolle M\u00f6glichkeit, den Vatertag zu feiern. Wir haben die Rezepte, die jeden Vater gl\u00fccklich machen!","og_url":"https:\/\/gastro-brennecke.de\/blog\/news\/rund-ums-vatertagsbier\/","og_site_name":"Gastro Brennecke Blog","article_publisher":"https:\/\/www.facebook.com\/gastrobrennecke","article_published_time":"2022-04-12T07:46:06+00:00","article_modified_time":"2026-04-12T14:39:13+00:00","og_image":[{"width":1200,"height":1200,"url":"https:\/\/gastro-brennecke.de\/blog\/wp-content\/uploads\/2021\/03\/Vatertagsbier.jpg","type":"image\/jpeg"}],"author":"Nico Brennecke","twitter_card":"summary_large_image","twitter_creator":"@GastroBrennecke","twitter_site":"@GastroBrennecke","twitter_misc":{"Verfasst von":"Nico Brennecke","Gesch\u00e4tzte Lesezeit":"7\u00a0Minuten"},"schema":{"@context":"https:\/\/schema.org","@graph":[{"@type":"Article","@id":"https:\/\/gastro-brennecke.de\/blog\/news\/rund-ums-vatertagsbier\/#article","isPartOf":{"@id":"https:\/\/gastro-brennecke.de\/blog\/news\/rund-ums-vatertagsbier\/"},"author":{"name":"Nico Brennecke","@id":"https:\/\/gastro-brennecke.de\/blog\/#\/schema\/person\/f08b921dc43532d46c5935307f76c2d5"},"headline":"Rund ums Vatertagsbier","datePublished":"2022-04-12T07:46:06+00:00","dateModified":"2026-04-12T14:39:13+00:00","mainEntityOfPage":{"@id":"https:\/\/gastro-brennecke.de\/blog\/news\/rund-ums-vatertagsbier\/"},"wordCount":1186,"commentCount":0,"publisher":{"@id":"https:\/\/gastro-brennecke.de\/blog\/#organization"},"image":{"@id":"https:\/\/gastro-brennecke.de\/blog\/news\/rund-ums-vatertagsbier\/#primaryimage"},"thumbnailUrl":"https:\/\/gastro-brennecke.de\/blog\/wp-content\/uploads\/2021\/03\/Vatertagsbier.jpg?wsr","keywords":["Flaschenreifung","G\u00e4rung","Hopfenkochen","l\u00e4utern","maischen"],"articleSection":["News","Wissenswertes"],"inLanguage":"de","potentialAction":[{"@type":"CommentAction","name":"Comment","target":["https:\/\/gastro-brennecke.de\/blog\/news\/rund-ums-vatertagsbier\/#respond"]}]},{"@type":"WebPage","@id":"https:\/\/gastro-brennecke.de\/blog\/news\/rund-ums-vatertagsbier\/","url":"https:\/\/gastro-brennecke.de\/blog\/news\/rund-ums-vatertagsbier\/","name":"Rund ums Vatertagsbier - Gastro Brennecke Blog","isPartOf":{"@id":"https:\/\/gastro-brennecke.de\/blog\/#website"},"primaryImageOfPage":{"@id":"https:\/\/gastro-brennecke.de\/blog\/news\/rund-ums-vatertagsbier\/#primaryimage"},"image":{"@id":"https:\/\/gastro-brennecke.de\/blog\/news\/rund-ums-vatertagsbier\/#primaryimage"},"thumbnailUrl":"https:\/\/gastro-brennecke.de\/blog\/wp-content\/uploads\/2021\/03\/Vatertagsbier.jpg?wsr","datePublished":"2022-04-12T07:46:06+00:00","dateModified":"2026-04-12T14:39:13+00:00","description":"Sein eigenes Bier zu brauen ist eine tolle M\u00f6glichkeit, den Vatertag zu feiern. Wir haben die Rezepte, die jeden Vater gl\u00fccklich machen!","breadcrumb":{"@id":"https:\/\/gastro-brennecke.de\/blog\/news\/rund-ums-vatertagsbier\/#breadcrumb"},"inLanguage":"de","potentialAction":[{"@type":"ReadAction","target":["https:\/\/gastro-brennecke.de\/blog\/news\/rund-ums-vatertagsbier\/"]}]},{"@type":"ImageObject","inLanguage":"de","@id":"https:\/\/gastro-brennecke.de\/blog\/news\/rund-ums-vatertagsbier\/#primaryimage","url":"https:\/\/gastro-brennecke.de\/blog\/wp-content\/uploads\/2021\/03\/Vatertagsbier.jpg?wsr","contentUrl":"https:\/\/gastro-brennecke.de\/blog\/wp-content\/uploads\/2021\/03\/Vatertagsbier.jpg?wsr","width":1200,"height":1200},{"@type":"BreadcrumbList","@id":"https:\/\/gastro-brennecke.de\/blog\/news\/rund-ums-vatertagsbier\/#breadcrumb","itemListElement":[{"@type":"ListItem","position":1,"name":"Startseite","item":"https:\/\/gastro-brennecke.de\/blog\/"},{"@type":"ListItem","position":2,"name":"Rund ums Vatertagsbier"}]},{"@type":"WebSite","@id":"https:\/\/gastro-brennecke.de\/blog\/#website","url":"https:\/\/gastro-brennecke.de\/blog\/","name":"Gastro Brennecke Blog","description":"Bier selber brauen | Schank &amp; Zapfanlagen - Gastro Brennecke","publisher":{"@id":"https:\/\/gastro-brennecke.de\/blog\/#organization"},"potentialAction":[{"@type":"SearchAction","target":{"@type":"EntryPoint","urlTemplate":"https:\/\/gastro-brennecke.de\/blog\/?s={search_term_string}"},"query-input":{"@type":"PropertyValueSpecification","valueRequired":true,"valueName":"search_term_string"}}],"inLanguage":"de"},{"@type":"Organization","@id":"https:\/\/gastro-brennecke.de\/blog\/#organization","name":"Gastro Brennecke Blog","url":"https:\/\/gastro-brennecke.de\/blog\/","logo":{"@type":"ImageObject","inLanguage":"de","@id":"https:\/\/gastro-brennecke.de\/blog\/#\/schema\/logo\/image\/","url":"https:\/\/gastro-brennecke.de\/blog\/wp-content\/uploads\/2020\/11\/2020-brennecke-logo.png?wsr","contentUrl":"https:\/\/gastro-brennecke.de\/blog\/wp-content\/uploads\/2020\/11\/2020-brennecke-logo.png?wsr","width":462,"height":136,"caption":"Gastro Brennecke Blog"},"image":{"@id":"https:\/\/gastro-brennecke.de\/blog\/#\/schema\/logo\/image\/"},"sameAs":["https:\/\/www.facebook.com\/gastrobrennecke","https:\/\/x.com\/GastroBrennecke","https:\/\/www.linkedin.com\/in\/nico-brennecke-770a64217\/","https:\/\/www.pinterest.de\/bierbrauen","https:\/\/www.youtube.com\/user\/gastrokomplett"]},{"@type":"Person","@id":"https:\/\/gastro-brennecke.de\/blog\/#\/schema\/person\/f08b921dc43532d46c5935307f76c2d5","name":"Nico Brennecke","pronouns":"er\/ihm","image":{"@type":"ImageObject","inLanguage":"de","@id":"https:\/\/secure.gravatar.com\/avatar\/265753c7995506fcc19fd4b8a2ce9183d2515b32050fd9a3548bd671d9f7ca1a?s=96&d=mm&r=g","url":"https:\/\/secure.gravatar.com\/avatar\/265753c7995506fcc19fd4b8a2ce9183d2515b32050fd9a3548bd671d9f7ca1a?s=96&d=mm&r=g","contentUrl":"https:\/\/secure.gravatar.com\/avatar\/265753c7995506fcc19fd4b8a2ce9183d2515b32050fd9a3548bd671d9f7ca1a?s=96&d=mm&r=g","caption":"Nico Brennecke"},"description":"Ich bin Nico Brennecke, Experte f\u00fcr Hobbybrauen und Schanktechnik und Inhaber von Gastro Brennecke mit \u00fcber 15 Jahren Erfahrung. Unser Familienunternehmen besteht seit \u00fcber 40 Jahren und hat sich auf alles rund ums Bier brauen, Zapfanlagen und Ausschanktechnik spezialisiert. Vom Einsteiger bis zur Gastronomie unterst\u00fctze ich t\u00e4glich Kunden bei der Auswahl der passenden Technik und Zutaten. Besonders wichtig ist mir, dass unsere Produkte nicht nur verkauft, sondern auch verstanden werden. Deshalb findest du in unserer Wissenswelt, im Blog und im Lexikon zahlreiche Anleitungen, Tipps und Hintergrundwissen aus der Praxis. Durch meine Erfahrung aus tausenden Kundenprojekten wei\u00df ich genau, worauf es beim Bier brauen und beim perfekten Ausschank wirklich ankommt. Wenn du Fragen rund ums Bier brauen oder Zapfanlagen hast, findest du hier im Blog viele praktische Anleitungen aus der Praxis. Mehr \u00fcber mich erf\u00e4hrst du hier: Zur Expertenseite","sameAs":["https:\/\/gastro-brennecke.de\/nico-brennecke-experte-hobbybrauen-schanktechnik\/"],"url":"https:\/\/gastro-brennecke.de\/blog\/author\/nico\/"}]}},"_links":{"self":[{"href":"https:\/\/gastro-brennecke.de\/blog\/wp-json\/wp\/v2\/posts\/4127","targetHints":{"allow":["GET"]}}],"collection":[{"href":"https:\/\/gastro-brennecke.de\/blog\/wp-json\/wp\/v2\/posts"}],"about":[{"href":"https:\/\/gastro-brennecke.de\/blog\/wp-json\/wp\/v2\/types\/post"}],"author":[{"embeddable":true,"href":"https:\/\/gastro-brennecke.de\/blog\/wp-json\/wp\/v2\/users\/3"}],"replies":[{"embeddable":true,"href":"https:\/\/gastro-brennecke.de\/blog\/wp-json\/wp\/v2\/comments?post=4127"}],"version-history":[{"count":8,"href":"https:\/\/gastro-brennecke.de\/blog\/wp-json\/wp\/v2\/posts\/4127\/revisions"}],"predecessor-version":[{"id":4135,"href":"https:\/\/gastro-brennecke.de\/blog\/wp-json\/wp\/v2\/posts\/4127\/revisions\/4135"}],"wp:featuredmedia":[{"embeddable":true,"href":"https:\/\/gastro-brennecke.de\/blog\/wp-json\/wp\/v2\/media\/3542"}],"wp:attachment":[{"href":"https:\/\/gastro-brennecke.de\/blog\/wp-json\/wp\/v2\/media?parent=4127"}],"wp:term":[{"taxonomy":"category","embeddable":true,"href":"https:\/\/gastro-brennecke.de\/blog\/wp-json\/wp\/v2\/categories?post=4127"},{"taxonomy":"post_tag","embeddable":true,"href":"https:\/\/gastro-brennecke.de\/blog\/wp-json\/wp\/v2\/tags?post=4127"}],"curies":[{"name":"wp","href":"https:\/\/api.w.org\/{rel}","templated":true}]}}