{"id":2663,"date":"2022-01-25T12:55:51","date_gmt":"2022-01-25T11:55:51","guid":{"rendered":"https:\/\/gastro-brennecke.de\/blog\/?p=2663"},"modified":"2026-04-12T16:39:14","modified_gmt":"2026-04-12T14:39:14","slug":"am-01-02-ist-internationaler-grutbiertag","status":"publish","type":"post","link":"https:\/\/gastro-brennecke.de\/blog\/news\/am-01-02-ist-internationaler-grutbiertag\/","title":{"rendered":"Am 01.02. ist internationaler Grutbiertag"},"content":{"rendered":"\t\t<div data-elementor-type=\"wp-post\" data-elementor-id=\"2663\" class=\"elementor elementor-2663\" data-elementor-post-type=\"post\">\n\t\t\t\t\t\t<section class=\"elementor-section elementor-top-section elementor-element elementor-element-145127d elementor-section-boxed elementor-section-height-default elementor-section-height-default\" data-id=\"145127d\" data-element_type=\"section\" data-e-type=\"section\">\n\t\t\t\t\t\t<div class=\"elementor-container elementor-column-gap-default\">\n\t\t\t\t\t<div class=\"elementor-column elementor-col-100 elementor-top-column elementor-element elementor-element-2d7e9543\" data-id=\"2d7e9543\" data-element_type=\"column\" data-e-type=\"column\">\n\t\t\t<div class=\"elementor-widget-wrap elementor-element-populated\">\n\t\t\t\t\t\t<div class=\"elementor-element elementor-element-2fcbcb83 elementor-widget elementor-widget-heading\" data-id=\"2fcbcb83\" data-element_type=\"widget\" data-e-type=\"widget\" data-widget_type=\"heading.default\">\n\t\t\t\t<div class=\"elementor-widget-container\">\n\t\t\t\t\t<h1 class=\"elementor-heading-title elementor-size-default\">Grutbier \u2013 das Ur-Bier aus dem Mittelalter<\/h1>\t\t\t\t<\/div>\n\t\t\t\t<\/div>\n\t\t\t\t<div class=\"elementor-element elementor-element-3a1bc009 elementor-widget elementor-widget-text-editor\" data-id=\"3a1bc009\" data-element_type=\"widget\" data-e-type=\"widget\" data-widget_type=\"text-editor.default\">\n\t\t\t\t<div class=\"elementor-widget-container\">\n\t\t\t\t\t\t\t\t\t<p><em>F\u00fcr Bier kann es gar nicht genug Ehrentage geben \u2013 stimmts? Aber wenn wir am 01. Februar den internationalen Grutbier Tag feiern, wovon ist da \u00fcberhaupt die Rede? Ganz einfach: <strong>Grutbier ist ein mittelalterliches Kr\u00e4uterbier!<\/strong> Doch ist das alles Schnee von gestern? Ganz und gar nicht. Das Grutbier feiert ein Revival. Ein Grund mehr, uns dieses einzigartige Gebr\u00e4u mal etwas genauer anzusehen.<\/em><\/p>\t\t\t\t\t\t\t\t<\/div>\n\t\t\t\t<\/div>\n\t\t\t\t\t<\/div>\n\t\t<\/div>\n\t\t\t\t\t<\/div>\n\t\t<\/section>\n\t\t\t\t<section class=\"elementor-section elementor-top-section elementor-element elementor-element-1dd7f5bf elementor-section-boxed elementor-section-height-default elementor-section-height-default\" data-id=\"1dd7f5bf\" data-element_type=\"section\" data-e-type=\"section\">\n\t\t\t\t\t\t<div class=\"elementor-container elementor-column-gap-default\">\n\t\t\t\t\t<div class=\"elementor-column elementor-col-100 elementor-top-column elementor-element elementor-element-288ff51f\" data-id=\"288ff51f\" data-element_type=\"column\" data-e-type=\"column\">\n\t\t\t<div class=\"elementor-widget-wrap elementor-element-populated\">\n\t\t\t\t\t\t<div class=\"elementor-element elementor-element-142bdcb5 elementor-widget elementor-widget-heading\" data-id=\"142bdcb5\" data-element_type=\"widget\" data-e-type=\"widget\" data-widget_type=\"heading.default\">\n\t\t\t\t<div class=\"elementor-widget-container\">\n\t\t\t\t\t<h2 class=\"elementor-heading-title elementor-size-default\">Was ist Grutbier?<\/h2>\t\t\t\t<\/div>\n\t\t\t\t<\/div>\n\t\t\t\t<div class=\"elementor-element elementor-element-6c2468e7 elementor-widget elementor-widget-text-editor\" data-id=\"6c2468e7\" data-element_type=\"widget\" data-e-type=\"widget\" data-widget_type=\"text-editor.default\">\n\t\t\t\t<div class=\"elementor-widget-container\">\n\t\t\t\t\t\t\t\t\t<p>Der Begriff \u201eGruitbeer\u201c stammt urspr\u00fcnglich aus Nordeuropa. Als Synonyme sind auch <strong>\u201eHealing Beer\u201c<\/strong>, <strong>\u201eSpiced Beer\u201c<\/strong> oder <strong>\u201eHerbal Beer\u201c<\/strong> gel\u00e4ufig. Der Definition nach enth\u00e4lt Grutbeer neben Hopfen und Malz mindestens eine zweite, w\u00fcrzende Komponente, die nat\u00fcrlichen und pflanzlichen Ursprungs ist: Das Grut. Der Kreativit\u00e4t der Braumeister*innen sind dabei kaum Grenzen gesetzt. Schlie\u00dflich bietet die Natur eine unersch\u00f6pfliche F\u00fclle an Kr\u00e4utern, Gew\u00fcrzen, Rinden, Samen oder Sprossen.<\/p><p>Grutbier war vor dem 13 Jahrhundert vor allem an der Nordseek\u00fcste weit verbreitet. Bis schlie\u00dflich der Hopfen Einzug hielt und alles ver\u00e4nderte. Denn er war billiger als die Kr\u00e4utermischung und auch seine konservierenden Eigenschaften kamen dem Bier sehr zu gute. <strong>\u201eGrut\u201c ist ein mittelalterlicher Begriff<\/strong>, der \u00fcbersetzt soviel wie Kraut bedeutet. Im historischen Grutbier fanden sich f\u00fcnf traditionelle Zutaten:<\/p><p><strong>Lorbeer<\/strong>: Die Bl\u00e4tter dieses immergr\u00fcnen Baumes oder Strauches landen nicht nur in deftigen Suppen und Eint\u00f6pfen, sondern geben auch dem Grutbier einen typisch <strong>aromatischen Geschmack<\/strong>.<\/p><p><strong>Wacholder<\/strong>: Zweige, Nadeln, \u00c4ste und Beeren verleihen dem Grutbier eine <strong>w\u00fcrzig-harzige Note<\/strong>.<\/p><p><strong>K\u00fcmmel<\/strong>: Sein deftiger, aromatischer Geschmack eignet sich ideal, um <strong>Bier zu verfeinern<\/strong>.<\/p><p><strong>Porst<\/strong>: Diese eher unbekannte Zutat geh\u00f6rt zu den Heidekrautgew\u00e4chsen. Sein intensiver Geschmack erinnert entfernt an Rosmarin. Wegen seiner <strong>berauschenden Wirkung<\/strong> wird er heute nicht mehr im Grutbier verwendet.<\/p><p><strong>Gagel<\/strong>: Die Bl\u00e4tter des stark verzweigten, sommergr\u00fcnen Strauchs besitzen einen aromatisch bitteren Geschmack und dienten <strong>urspr\u00fcnglich als Hopfenersatz<\/strong>. Die Fr\u00fcchte werden mittlerweile nicht mehr im Grutbier verwendet.<\/p>\t\t\t\t\t\t\t\t<\/div>\n\t\t\t\t<\/div>\n\t\t\t\t<div class=\"elementor-element elementor-element-a0f96b9 elementor-widget elementor-widget-heading\" data-id=\"a0f96b9\" data-element_type=\"widget\" data-e-type=\"widget\" data-widget_type=\"heading.default\">\n\t\t\t\t<div class=\"elementor-widget-container\">\n\t\t\t\t\t<h2 class=\"elementor-heading-title elementor-size-default\">Der Unterschied zwischen historischem und modernem Grut<\/h2>\t\t\t\t<\/div>\n\t\t\t\t<\/div>\n\t\t\t\t<div class=\"elementor-element elementor-element-d2f9806 elementor-widget elementor-widget-text-editor\" data-id=\"d2f9806\" data-element_type=\"widget\" data-e-type=\"widget\" data-widget_type=\"text-editor.default\">\n\t\t\t\t<div class=\"elementor-widget-container\">\n\t\t\t\t\t\t\t\t\t<p>Im Mittelalter landeten allerlei Zutaten im Bier. Einerseits, weil die Funktion der Hefe noch nicht bekannt war. Andererseits, weil aus der Not heraus genommen wurde, was gerade vorhanden war. Hopfen war zwar bereits bekannt, aber kein Hauptbestandteil. Er war lediglich eine weitere M\u00f6glichkeit, das Bier zu aromatisieren. <strong>Daher war das historische Grut als Kr\u00e4utermischung h\u00f6chst bedeutsam.<\/strong> Sie wurde in sogenannten Gruth\u00e4usern von den Grutern hergestellt. Die Rezeptur selbst war geheim. Das Grut war fixer Bestandteil der W\u00fcrze und unterst\u00fctzte die G\u00e4rung. Ohne Grut war also erst gar kein Brauvorgang m\u00f6glich.<\/p><p>Das moderne Grut hingegen ist eher optional als obligat. Es verfeinert lediglich den Geschmack und bringt individuelle Aromen mit sich. <strong>Sein Einsatz beim Brauprozess ist variabel<\/strong>. Je nach Mischung kann es bereits beim W\u00fcrzekochen seinen Zauber entfalten. Manche Hersteller f\u00fcgen das Grut w\u00e4hrend der G\u00e4rung dazu oder lassen ihr Grutbier auf den Kr\u00e4utern reifen.<\/p>\t\t\t\t\t\t\t\t<\/div>\n\t\t\t\t<\/div>\n\t\t\t\t<div class=\"elementor-element elementor-element-022e726 elementor-widget elementor-widget-heading\" data-id=\"022e726\" data-element_type=\"widget\" data-e-type=\"widget\" data-widget_type=\"heading.default\">\n\t\t\t\t<div class=\"elementor-widget-container\">\n\t\t\t\t\t<h2 class=\"elementor-heading-title elementor-size-default\">Halluzinogene Substanzen im Grutbier<\/h2>\t\t\t\t<\/div>\n\t\t\t\t<\/div>\n\t\t\t\t<div class=\"elementor-element elementor-element-c51a841 elementor-widget elementor-widget-text-editor\" data-id=\"c51a841\" data-element_type=\"widget\" data-e-type=\"widget\" data-widget_type=\"text-editor.default\">\n\t\t\t\t<div class=\"elementor-widget-container\">\n\t\t\t\t\t\t\t\t\t<p>\u00dcberlieferungen zufolge fanden sich im Grutbier auch bedenkliche Zutaten. <strong>Schwarzes Bilsenkraut<\/strong> bewegt sich mit seinem hohen Alkaloidgehalt nah an der Grenze zwischen berauschender und toxischer Wirkung. <strong>Wermut<\/strong> ist aufgrund seines Thujongehalts stark halluzinogen. Und auch der <strong>Porst<\/strong> enth\u00e4lt ein \u00e4therisches \u00d6l, das die alkoholische Wirkung des Grutbiers verst\u00e4rkt. Deswegen war es kein Wunder, dass die Herstellung in Deutschland im Jahre 1516 reglementiert wurde. Neben finanziellen und politischen Motiven waren auch die zweifelhaften Zutaten der Grund daf\u00fcr.<\/p>\t\t\t\t\t\t\t\t<\/div>\n\t\t\t\t<\/div>\n\t\t\t\t<div class=\"elementor-element elementor-element-fd28c3c elementor-widget elementor-widget-heading\" data-id=\"fd28c3c\" data-element_type=\"widget\" data-e-type=\"widget\" data-widget_type=\"heading.default\">\n\t\t\t\t<div class=\"elementor-widget-container\">\n\t\t\t\t\t<h2 class=\"elementor-heading-title elementor-size-default\">Grutbier und das deutsche Reinheitsgebot<\/h2>\t\t\t\t<\/div>\n\t\t\t\t<\/div>\n\t\t\t\t<div class=\"elementor-element elementor-element-d0b2aef elementor-widget elementor-widget-text-editor\" data-id=\"d0b2aef\" data-element_type=\"widget\" data-e-type=\"widget\" data-widget_type=\"text-editor.default\">\n\t\t\t\t<div class=\"elementor-widget-container\">\n\t\t\t\t\t\t\t\t\t<p>In anderen L\u00e4ndern ist das Grutbier nie ganz verschwunden. Seine Spuren lassen sich bis nach Afrika verfolgen. In Belgien oder den Niederlanden ist das \u201e<strong>Witbier<\/strong>\u201c ein helles Weizen mit deutlichen <strong>Koriandernoten<\/strong>. Nicht so in Deutschland, wo es beinahe ausgerottet wurde.<\/p><p>Der Grund: Das deutsche Reinheitsgebot wurde eingef\u00fchrt. Es besagt, dass Bier nur aus klar definierten Zutaten gebraut werden darf. <strong>Wer also Grutbier herstellen und verkaufen will, der braucht eine Ausnahmegenehmigung seines Bundeslandes<\/strong>. Normalerweise ist das auch kein Problem, solange die besagte Brauerei nicht in Bayern ans\u00e4ssig ist. Dort herrscht das deutsche Reinheitsgebot ohne Ausnahme. Zudem muss das Grutbier zwingend Hopfen enthalten, um als Bier zu gelten. Andernfalls muss es als \u201ebier\u00e4hnliches Getr\u00e4nk\u201c deklariert werden.<\/p>\t\t\t\t\t\t\t\t<\/div>\n\t\t\t\t<\/div>\n\t\t\t\t<div class=\"elementor-element elementor-element-5528efd elementor-widget elementor-widget-heading\" data-id=\"5528efd\" data-element_type=\"widget\" data-e-type=\"widget\" data-widget_type=\"heading.default\">\n\t\t\t\t<div class=\"elementor-widget-container\">\n\t\t\t\t\t<h2 class=\"elementor-heading-title elementor-size-default\">Das Grutbier erlebt ein Revival \u2013 und das v\u00f6llig zurecht!<\/h2>\t\t\t\t<\/div>\n\t\t\t\t<\/div>\n\t\t\t\t<div class=\"elementor-element elementor-element-076fc46 elementor-widget elementor-widget-text-editor\" data-id=\"076fc46\" data-element_type=\"widget\" data-e-type=\"widget\" data-widget_type=\"text-editor.default\">\n\t\t\t\t<div class=\"elementor-widget-container\">\n\t\t\t\t\t\t\t\t\t<p>Experimente mit Kr\u00e4utern und anderen pflanzlichen Teilen sind besonders in der Craft-Beer-Szene die Regel. Doch <strong>nicht jedes Kr\u00e4uterbier ist automatisch ein Grutbier<\/strong>. Phillip Overberg ist mit seiner Gruthaus Brauerei in M\u00fcnster dem Geheimnis des Originals schon lange auf der Spur. Er besch\u00e4ftigt sich intensiv mit der historischen Dimension, die seiner Meinung nach das Grutbier erst ausmacht.<\/p><p>So soll sich das <strong>originale Rezept<\/strong> auf Wacholder, K\u00fcmmel und Gagel beziehen. Letzterer steht unter Naturschutz und ist somit kaum zu bekommen. Wer also ein authentisches Grutbier brauen m\u00f6chte, muss tief in die Tasche greifen und den Gagel aus Schottland importieren.<\/p><p>Wer es allerdings nicht ganz so genau nimmt, dem bietet die Craft-Beer-Szene eine F\u00fclle an Kr\u00e4uterbieren. Mediterrane Biersorten verstr\u00f6men ein feines Aroma nach Lavendel, Minze oder Rosmarin. In Berlin steuert Pia Morgenroth ihr \u201e<strong>Gbroi<\/strong>\u201c bei. Eine deftige Mischung aus Beifu\u00df, Brennnessel und Holunder, nat\u00fcrlich alles aus eigenem Anbau. In \u00d6sterreich bringen die Waldbiere die Natur mit all ihren Sch\u00e4tzen ins Glas: F<strong>ichtenharz, Zirbe, Holzbirne oder Schwarzkiefer<\/strong>, um nur einige zu nennen.<\/p><h3>Hast du schonmal Grutbier gebraut?<\/h3><div>Dann teile doch mit uns dein Rezept &#8211; wir sind neugierig wie es anderen schmeckt!<\/div><div>\u00a0<\/div>\t\t\t\t\t\t\t\t<\/div>\n\t\t\t\t<\/div>\n\t\t\t\t\t<\/div>\n\t\t<\/div>\n\t\t\t\t\t<\/div>\n\t\t<\/section>\n\t\t\t\t<section class=\"elementor-section elementor-top-section elementor-element elementor-element-500d8590 elementor-section-boxed elementor-section-height-default elementor-section-height-default\" data-id=\"500d8590\" data-element_type=\"section\" data-e-type=\"section\">\n\t\t\t\t\t\t<div class=\"elementor-container elementor-column-gap-default\">\n\t\t\t\t\t<div class=\"elementor-column elementor-col-100 elementor-top-column elementor-element elementor-element-7317842f\" data-id=\"7317842f\" data-element_type=\"column\" data-e-type=\"column\">\n\t\t\t<div class=\"elementor-widget-wrap elementor-element-populated\">\n\t\t\t\t\t\t<div class=\"elementor-element elementor-element-4814a9de elementor-cta--layout-image-left elementor-cta--skin-classic elementor-animated-content elementor-bg-transform elementor-bg-transform-zoom-in elementor-widget elementor-widget-call-to-action\" data-id=\"4814a9de\" data-element_type=\"widget\" data-e-type=\"widget\" data-widget_type=\"call-to-action.default\">\n\t\t\t\t<div class=\"elementor-widget-container\">\n\t\t\t\t\t\t\t<div class=\"elementor-cta\">\n\t\t\t\t\t<div class=\"elementor-cta__bg-wrapper\">\n\t\t\t\t<div class=\"elementor-cta__bg elementor-bg\" style=\"background-image: url(https:\/\/gastro-brennecke.de\/blog\/wp-content\/uploads\/2021\/11\/Maischpaket-Leichtes-Raubier-1024x536.jpg);\" role=\"img\" aria-label=\"Maischpaket Leichtes Raubier\"><\/div>\n\t\t\t\t<div class=\"elementor-cta__bg-overlay\"><\/div>\n\t\t\t<\/div>\n\t\t\t\t\t\t\t<div class=\"elementor-cta__content\">\n\t\t\t\t\n\t\t\t\t\t\t\t\t\t<h2 class=\"elementor-cta__title elementor-cta__content-item elementor-content-item\">\n\t\t\t\t\t\tKein Grutbier aber auch sensationell\t\t\t\t\t<\/h2>\n\t\t\t\t\n\t\t\t\t\t\t\t\t\t<div class=\"elementor-cta__description elementor-cta__content-item elementor-content-item\">\n\t\t\t\t\t\tUnser Maischpaket f\u00fcr ein leichtes Rauchbier in unserem Shop. Jetzt zugreifen!\t\t\t\t\t<\/div>\n\t\t\t\t\n\t\t\t\t\t\t\t\t\t<div class=\"elementor-cta__button-wrapper elementor-cta__content-item elementor-content-item \">\n\t\t\t\t\t<a class=\"elementor-cta__button elementor-button elementor-size-\" href=\"https:\/\/gastro-brennecke.de\/de\/brauereiartikel\/malzextrakte-maischpakete\/maischpaket-pils-komplett-mit-hopfen-und-hefe-fuer-bis-zu-20-l-bier.html?number=0045-11\">\n\t\t\t\t\t\tHier klicken\t\t\t\t\t<\/a>\n\t\t\t\t\t<\/div>\n\t\t\t\t\t\t\t<\/div>\n\t\t\t\t\t\t<\/div>\n\t\t\t\t\t\t<\/div>\n\t\t\t\t<\/div>\n\t\t\t\t<div class=\"elementor-element elementor-element-5b389737 elementor-widget elementor-widget-post-navigation\" data-id=\"5b389737\" data-element_type=\"widget\" data-e-type=\"widget\" data-widget_type=\"post-navigation.default\">\n\t\t\t\t<div class=\"elementor-widget-container\">\n\t\t\t\t\t\t\t<div class=\"elementor-post-navigation\" role=\"navigation\" aria-label=\"Beitrag Navigation\">\n\t\t\t<div class=\"elementor-post-navigation__prev elementor-post-navigation__link\">\n\t\t\t\t<a href=\"https:\/\/gastro-brennecke.de\/blog\/wissenswertes\/pale-ale-bier\/\" rel=\"prev\"><span class=\"post-navigation__arrow-wrapper post-navigation__arrow-prev\"><i aria-hidden=\"true\" class=\"fas fa-angle-left\"><\/i><span class=\"elementor-screen-only\">Zur\u00fcck<\/span><\/span><span class=\"elementor-post-navigation__link__prev\"><span class=\"post-navigation__prev--title\">Pale Ale Bier<\/span><\/span><\/a>\t\t\t<\/div>\n\t\t\t\t\t\t<div class=\"elementor-post-navigation__next elementor-post-navigation__link\">\n\t\t\t\t<a href=\"https:\/\/gastro-brennecke.de\/blog\/bier-selber-brauen\/rezept-roggenbier\/\" rel=\"next\"><span class=\"elementor-post-navigation__link__next\"><span class=\"post-navigation__next--title\">Rezept Roggenbier &#8211; Bierrezept<\/span><\/span><span class=\"post-navigation__arrow-wrapper post-navigation__arrow-next\"><i aria-hidden=\"true\" class=\"fas fa-angle-right\"><\/i><span class=\"elementor-screen-only\">N\u00e4chster<\/span><\/span><\/a>\t\t\t<\/div>\n\t\t<\/div>\n\t\t\t\t\t\t<\/div>\n\t\t\t\t<\/div>\n\t\t\t\t\t<\/div>\n\t\t<\/div>\n\t\t\t\t\t<\/div>\n\t\t<\/section>\n\t\t\t\t<section class=\"elementor-section elementor-top-section elementor-element elementor-element-6c0d3eaf elementor-section-boxed elementor-section-height-default elementor-section-height-default\" data-id=\"6c0d3eaf\" data-element_type=\"section\" data-e-type=\"section\">\n\t\t\t\t\t\t<div class=\"elementor-container elementor-column-gap-default\">\n\t\t\t\t\t<div class=\"elementor-column elementor-col-100 elementor-top-column elementor-element elementor-element-25b67033\" data-id=\"25b67033\" data-element_type=\"column\" data-e-type=\"column\">\n\t\t\t<div class=\"elementor-widget-wrap elementor-element-populated\">\n\t\t\t\t\t\t\t<\/div>\n\t\t<\/div>\n\t\t\t\t\t<\/div>\n\t\t<\/section>\n\t\t\t\t<\/div>\n\t\t","protected":false},"excerpt":{"rendered":"<p>Grutbier \u2013 das Ur-Bier aus dem Mittelalter F\u00fcr Bier kann es gar nicht genug Ehrentage geben \u2013 stimmts? Aber wenn wir am 01. Februar den internationalen Grutbier Tag feiern, wovon ist da \u00fcberhaupt die Rede? Ganz einfach: Grutbier ist ein mittelalterliches Kr\u00e4uterbier! Doch ist das alles Schnee von gestern? Ganz und gar nicht. Das Grutbier [&hellip;]<\/p>\n","protected":false},"author":3,"featured_media":3108,"comment_status":"open","ping_status":"open","sticky":false,"template":"","format":"standard","meta":{"footnotes":""},"categories":[1,21],"tags":[200,201,203,202],"class_list":["post-2663","post","type-post","status-publish","format-standard","has-post-thumbnail","hentry","category-news","category-wissenswertes","tag-grutbier","tag-grutbiertag01-02","tag-kraeuterbier","tag-mittelalterbier"],"yoast_head":"<!-- This site is optimized with the Yoast SEO plugin v27.4 - https:\/\/yoast.com\/product\/yoast-seo-wordpress\/ -->\n<title>Am 01.02. ist internationaler Grutbiertag - Gastro Brennecke Blog<\/title>\n<meta name=\"description\" content=\"Grutbier? Was ist oder war das? Verraten wir euch mit allem was es dazu zu wissen gibt. Wenn du ein Rezept hast, dann teile es mit uns!\" \/>\n<meta name=\"robots\" content=\"index, follow, max-snippet:-1, max-image-preview:large, max-video-preview:-1\" \/>\n<link rel=\"canonical\" href=\"https:\/\/gastro-brennecke.de\/blog\/news\/am-01-02-ist-internationaler-grutbiertag\/\" \/>\n<meta property=\"og:locale\" content=\"de_DE\" \/>\n<meta property=\"og:type\" content=\"article\" \/>\n<meta property=\"og:title\" content=\"Am 01.02. ist internationaler Grutbiertag - Gastro Brennecke Blog\" \/>\n<meta property=\"og:description\" content=\"Grutbier? Was ist oder war das? Verraten wir euch mit allem was es dazu zu wissen gibt. Wenn du ein Rezept hast, dann teile es mit uns!\" \/>\n<meta property=\"og:url\" content=\"https:\/\/gastro-brennecke.de\/blog\/news\/am-01-02-ist-internationaler-grutbiertag\/\" \/>\n<meta property=\"og:site_name\" content=\"Gastro Brennecke Blog\" \/>\n<meta property=\"article:publisher\" content=\"https:\/\/www.facebook.com\/gastrobrennecke\" \/>\n<meta property=\"article:published_time\" content=\"2022-01-25T11:55:51+00:00\" \/>\n<meta property=\"article:modified_time\" content=\"2026-04-12T14:39:14+00:00\" \/>\n<meta property=\"og:image\" content=\"https:\/\/gastro-brennecke.de\/blog\/wp-content\/uploads\/2022\/01\/Grutbier-.jpg\" \/>\n\t<meta property=\"og:image:width\" content=\"1200\" \/>\n\t<meta property=\"og:image:height\" content=\"1200\" \/>\n\t<meta property=\"og:image:type\" content=\"image\/jpeg\" \/>\n<meta name=\"author\" content=\"Nico Brennecke\" \/>\n<meta name=\"twitter:card\" content=\"summary_large_image\" \/>\n<meta name=\"twitter:creator\" content=\"@GastroBrennecke\" \/>\n<meta name=\"twitter:site\" content=\"@GastroBrennecke\" \/>\n<meta name=\"twitter:label1\" content=\"Verfasst von\" \/>\n\t<meta name=\"twitter:data1\" content=\"Nico Brennecke\" \/>\n\t<meta name=\"twitter:label2\" content=\"Gesch\u00e4tzte Lesezeit\" \/>\n\t<meta name=\"twitter:data2\" content=\"5\u00a0Minuten\" \/>\n<script type=\"application\/ld+json\" class=\"yoast-schema-graph\">{\"@context\":\"https:\\\/\\\/schema.org\",\"@graph\":[{\"@type\":\"Article\",\"@id\":\"https:\\\/\\\/gastro-brennecke.de\\\/blog\\\/news\\\/am-01-02-ist-internationaler-grutbiertag\\\/#article\",\"isPartOf\":{\"@id\":\"https:\\\/\\\/gastro-brennecke.de\\\/blog\\\/news\\\/am-01-02-ist-internationaler-grutbiertag\\\/\"},\"author\":{\"name\":\"Nico Brennecke\",\"@id\":\"https:\\\/\\\/gastro-brennecke.de\\\/blog\\\/#\\\/schema\\\/person\\\/f08b921dc43532d46c5935307f76c2d5\"},\"headline\":\"Am 01.02. ist internationaler Grutbiertag\",\"datePublished\":\"2022-01-25T11:55:51+00:00\",\"dateModified\":\"2026-04-12T14:39:14+00:00\",\"mainEntityOfPage\":{\"@id\":\"https:\\\/\\\/gastro-brennecke.de\\\/blog\\\/news\\\/am-01-02-ist-internationaler-grutbiertag\\\/\"},\"wordCount\":928,\"commentCount\":2,\"publisher\":{\"@id\":\"https:\\\/\\\/gastro-brennecke.de\\\/blog\\\/#organization\"},\"image\":{\"@id\":\"https:\\\/\\\/gastro-brennecke.de\\\/blog\\\/news\\\/am-01-02-ist-internationaler-grutbiertag\\\/#primaryimage\"},\"thumbnailUrl\":\"https:\\\/\\\/gastro-brennecke.de\\\/blog\\\/wp-content\\\/uploads\\\/2022\\\/01\\\/Grutbier-.jpg?wsr\",\"keywords\":[\"Grutbier\",\"Grutbiertag01.02.\",\"Kr\u00e4uterbier\",\"Mittelalterbier\"],\"articleSection\":[\"News\",\"Wissenswertes\"],\"inLanguage\":\"de\",\"potentialAction\":[{\"@type\":\"CommentAction\",\"name\":\"Comment\",\"target\":[\"https:\\\/\\\/gastro-brennecke.de\\\/blog\\\/news\\\/am-01-02-ist-internationaler-grutbiertag\\\/#respond\"]}]},{\"@type\":\"WebPage\",\"@id\":\"https:\\\/\\\/gastro-brennecke.de\\\/blog\\\/news\\\/am-01-02-ist-internationaler-grutbiertag\\\/\",\"url\":\"https:\\\/\\\/gastro-brennecke.de\\\/blog\\\/news\\\/am-01-02-ist-internationaler-grutbiertag\\\/\",\"name\":\"Am 01.02. ist internationaler Grutbiertag - Gastro Brennecke Blog\",\"isPartOf\":{\"@id\":\"https:\\\/\\\/gastro-brennecke.de\\\/blog\\\/#website\"},\"primaryImageOfPage\":{\"@id\":\"https:\\\/\\\/gastro-brennecke.de\\\/blog\\\/news\\\/am-01-02-ist-internationaler-grutbiertag\\\/#primaryimage\"},\"image\":{\"@id\":\"https:\\\/\\\/gastro-brennecke.de\\\/blog\\\/news\\\/am-01-02-ist-internationaler-grutbiertag\\\/#primaryimage\"},\"thumbnailUrl\":\"https:\\\/\\\/gastro-brennecke.de\\\/blog\\\/wp-content\\\/uploads\\\/2022\\\/01\\\/Grutbier-.jpg?wsr\",\"datePublished\":\"2022-01-25T11:55:51+00:00\",\"dateModified\":\"2026-04-12T14:39:14+00:00\",\"description\":\"Grutbier? Was ist oder war das? Verraten wir euch mit allem was es dazu zu wissen gibt. Wenn du ein Rezept hast, dann teile es mit uns!\",\"breadcrumb\":{\"@id\":\"https:\\\/\\\/gastro-brennecke.de\\\/blog\\\/news\\\/am-01-02-ist-internationaler-grutbiertag\\\/#breadcrumb\"},\"inLanguage\":\"de\",\"potentialAction\":[{\"@type\":\"ReadAction\",\"target\":[\"https:\\\/\\\/gastro-brennecke.de\\\/blog\\\/news\\\/am-01-02-ist-internationaler-grutbiertag\\\/\"]}]},{\"@type\":\"ImageObject\",\"inLanguage\":\"de\",\"@id\":\"https:\\\/\\\/gastro-brennecke.de\\\/blog\\\/news\\\/am-01-02-ist-internationaler-grutbiertag\\\/#primaryimage\",\"url\":\"https:\\\/\\\/gastro-brennecke.de\\\/blog\\\/wp-content\\\/uploads\\\/2022\\\/01\\\/Grutbier-.jpg?wsr\",\"contentUrl\":\"https:\\\/\\\/gastro-brennecke.de\\\/blog\\\/wp-content\\\/uploads\\\/2022\\\/01\\\/Grutbier-.jpg?wsr\",\"width\":1200,\"height\":1200},{\"@type\":\"BreadcrumbList\",\"@id\":\"https:\\\/\\\/gastro-brennecke.de\\\/blog\\\/news\\\/am-01-02-ist-internationaler-grutbiertag\\\/#breadcrumb\",\"itemListElement\":[{\"@type\":\"ListItem\",\"position\":1,\"name\":\"Startseite\",\"item\":\"https:\\\/\\\/gastro-brennecke.de\\\/blog\\\/\"},{\"@type\":\"ListItem\",\"position\":2,\"name\":\"Am 01.02. ist internationaler Grutbiertag\"}]},{\"@type\":\"WebSite\",\"@id\":\"https:\\\/\\\/gastro-brennecke.de\\\/blog\\\/#website\",\"url\":\"https:\\\/\\\/gastro-brennecke.de\\\/blog\\\/\",\"name\":\"Gastro Brennecke Blog\",\"description\":\"Bier selber brauen | Schank &amp; Zapfanlagen - Gastro Brennecke\",\"publisher\":{\"@id\":\"https:\\\/\\\/gastro-brennecke.de\\\/blog\\\/#organization\"},\"potentialAction\":[{\"@type\":\"SearchAction\",\"target\":{\"@type\":\"EntryPoint\",\"urlTemplate\":\"https:\\\/\\\/gastro-brennecke.de\\\/blog\\\/?s={search_term_string}\"},\"query-input\":{\"@type\":\"PropertyValueSpecification\",\"valueRequired\":true,\"valueName\":\"search_term_string\"}}],\"inLanguage\":\"de\"},{\"@type\":\"Organization\",\"@id\":\"https:\\\/\\\/gastro-brennecke.de\\\/blog\\\/#organization\",\"name\":\"Gastro Brennecke Blog\",\"url\":\"https:\\\/\\\/gastro-brennecke.de\\\/blog\\\/\",\"logo\":{\"@type\":\"ImageObject\",\"inLanguage\":\"de\",\"@id\":\"https:\\\/\\\/gastro-brennecke.de\\\/blog\\\/#\\\/schema\\\/logo\\\/image\\\/\",\"url\":\"https:\\\/\\\/gastro-brennecke.de\\\/blog\\\/wp-content\\\/uploads\\\/2020\\\/11\\\/2020-brennecke-logo.png?wsr\",\"contentUrl\":\"https:\\\/\\\/gastro-brennecke.de\\\/blog\\\/wp-content\\\/uploads\\\/2020\\\/11\\\/2020-brennecke-logo.png?wsr\",\"width\":462,\"height\":136,\"caption\":\"Gastro Brennecke Blog\"},\"image\":{\"@id\":\"https:\\\/\\\/gastro-brennecke.de\\\/blog\\\/#\\\/schema\\\/logo\\\/image\\\/\"},\"sameAs\":[\"https:\\\/\\\/www.facebook.com\\\/gastrobrennecke\",\"https:\\\/\\\/x.com\\\/GastroBrennecke\",\"https:\\\/\\\/www.linkedin.com\\\/in\\\/nico-brennecke-770a64217\\\/\",\"https:\\\/\\\/www.pinterest.de\\\/bierbrauen\",\"https:\\\/\\\/www.youtube.com\\\/user\\\/gastrokomplett\"]},{\"@type\":\"Person\",\"@id\":\"https:\\\/\\\/gastro-brennecke.de\\\/blog\\\/#\\\/schema\\\/person\\\/f08b921dc43532d46c5935307f76c2d5\",\"name\":\"Nico Brennecke\",\"pronouns\":\"er\\\/ihm\",\"image\":{\"@type\":\"ImageObject\",\"inLanguage\":\"de\",\"@id\":\"https:\\\/\\\/secure.gravatar.com\\\/avatar\\\/265753c7995506fcc19fd4b8a2ce9183d2515b32050fd9a3548bd671d9f7ca1a?s=96&d=mm&r=g\",\"url\":\"https:\\\/\\\/secure.gravatar.com\\\/avatar\\\/265753c7995506fcc19fd4b8a2ce9183d2515b32050fd9a3548bd671d9f7ca1a?s=96&d=mm&r=g\",\"contentUrl\":\"https:\\\/\\\/secure.gravatar.com\\\/avatar\\\/265753c7995506fcc19fd4b8a2ce9183d2515b32050fd9a3548bd671d9f7ca1a?s=96&d=mm&r=g\",\"caption\":\"Nico Brennecke\"},\"description\":\"Ich bin Nico Brennecke, Experte f\u00fcr Hobbybrauen und Schanktechnik und Inhaber von Gastro Brennecke mit \u00fcber 15 Jahren Erfahrung. Unser Familienunternehmen besteht seit \u00fcber 40 Jahren und hat sich auf alles rund ums Bier brauen, Zapfanlagen und Ausschanktechnik spezialisiert. Vom Einsteiger bis zur Gastronomie unterst\u00fctze ich t\u00e4glich Kunden bei der Auswahl der passenden Technik und Zutaten. Besonders wichtig ist mir, dass unsere Produkte nicht nur verkauft, sondern auch verstanden werden. Deshalb findest du in unserer Wissenswelt, im Blog und im Lexikon zahlreiche Anleitungen, Tipps und Hintergrundwissen aus der Praxis. Durch meine Erfahrung aus tausenden Kundenprojekten wei\u00df ich genau, worauf es beim Bier brauen und beim perfekten Ausschank wirklich ankommt. Wenn du Fragen rund ums Bier brauen oder Zapfanlagen hast, findest du hier im Blog viele praktische Anleitungen aus der Praxis. Mehr \u00fcber mich erf\u00e4hrst du hier: Zur Expertenseite\",\"sameAs\":[\"https:\\\/\\\/gastro-brennecke.de\\\/nico-brennecke-experte-hobbybrauen-schanktechnik\\\/\"],\"url\":\"https:\\\/\\\/gastro-brennecke.de\\\/blog\\\/author\\\/nico\\\/\"}]}<\/script>\n<!-- \/ Yoast SEO plugin. -->","yoast_head_json":{"title":"Am 01.02. ist internationaler Grutbiertag - Gastro Brennecke Blog","description":"Grutbier? Was ist oder war das? Verraten wir euch mit allem was es dazu zu wissen gibt. Wenn du ein Rezept hast, dann teile es mit uns!","robots":{"index":"index","follow":"follow","max-snippet":"max-snippet:-1","max-image-preview":"max-image-preview:large","max-video-preview":"max-video-preview:-1"},"canonical":"https:\/\/gastro-brennecke.de\/blog\/news\/am-01-02-ist-internationaler-grutbiertag\/","og_locale":"de_DE","og_type":"article","og_title":"Am 01.02. ist internationaler Grutbiertag - Gastro Brennecke Blog","og_description":"Grutbier? Was ist oder war das? Verraten wir euch mit allem was es dazu zu wissen gibt. Wenn du ein Rezept hast, dann teile es mit uns!","og_url":"https:\/\/gastro-brennecke.de\/blog\/news\/am-01-02-ist-internationaler-grutbiertag\/","og_site_name":"Gastro Brennecke Blog","article_publisher":"https:\/\/www.facebook.com\/gastrobrennecke","article_published_time":"2022-01-25T11:55:51+00:00","article_modified_time":"2026-04-12T14:39:14+00:00","og_image":[{"width":1200,"height":1200,"url":"https:\/\/gastro-brennecke.de\/blog\/wp-content\/uploads\/2022\/01\/Grutbier-.jpg","type":"image\/jpeg"}],"author":"Nico Brennecke","twitter_card":"summary_large_image","twitter_creator":"@GastroBrennecke","twitter_site":"@GastroBrennecke","twitter_misc":{"Verfasst von":"Nico Brennecke","Gesch\u00e4tzte Lesezeit":"5\u00a0Minuten"},"schema":{"@context":"https:\/\/schema.org","@graph":[{"@type":"Article","@id":"https:\/\/gastro-brennecke.de\/blog\/news\/am-01-02-ist-internationaler-grutbiertag\/#article","isPartOf":{"@id":"https:\/\/gastro-brennecke.de\/blog\/news\/am-01-02-ist-internationaler-grutbiertag\/"},"author":{"name":"Nico Brennecke","@id":"https:\/\/gastro-brennecke.de\/blog\/#\/schema\/person\/f08b921dc43532d46c5935307f76c2d5"},"headline":"Am 01.02. ist internationaler Grutbiertag","datePublished":"2022-01-25T11:55:51+00:00","dateModified":"2026-04-12T14:39:14+00:00","mainEntityOfPage":{"@id":"https:\/\/gastro-brennecke.de\/blog\/news\/am-01-02-ist-internationaler-grutbiertag\/"},"wordCount":928,"commentCount":2,"publisher":{"@id":"https:\/\/gastro-brennecke.de\/blog\/#organization"},"image":{"@id":"https:\/\/gastro-brennecke.de\/blog\/news\/am-01-02-ist-internationaler-grutbiertag\/#primaryimage"},"thumbnailUrl":"https:\/\/gastro-brennecke.de\/blog\/wp-content\/uploads\/2022\/01\/Grutbier-.jpg?wsr","keywords":["Grutbier","Grutbiertag01.02.","Kr\u00e4uterbier","Mittelalterbier"],"articleSection":["News","Wissenswertes"],"inLanguage":"de","potentialAction":[{"@type":"CommentAction","name":"Comment","target":["https:\/\/gastro-brennecke.de\/blog\/news\/am-01-02-ist-internationaler-grutbiertag\/#respond"]}]},{"@type":"WebPage","@id":"https:\/\/gastro-brennecke.de\/blog\/news\/am-01-02-ist-internationaler-grutbiertag\/","url":"https:\/\/gastro-brennecke.de\/blog\/news\/am-01-02-ist-internationaler-grutbiertag\/","name":"Am 01.02. ist internationaler Grutbiertag - Gastro Brennecke Blog","isPartOf":{"@id":"https:\/\/gastro-brennecke.de\/blog\/#website"},"primaryImageOfPage":{"@id":"https:\/\/gastro-brennecke.de\/blog\/news\/am-01-02-ist-internationaler-grutbiertag\/#primaryimage"},"image":{"@id":"https:\/\/gastro-brennecke.de\/blog\/news\/am-01-02-ist-internationaler-grutbiertag\/#primaryimage"},"thumbnailUrl":"https:\/\/gastro-brennecke.de\/blog\/wp-content\/uploads\/2022\/01\/Grutbier-.jpg?wsr","datePublished":"2022-01-25T11:55:51+00:00","dateModified":"2026-04-12T14:39:14+00:00","description":"Grutbier? Was ist oder war das? Verraten wir euch mit allem was es dazu zu wissen gibt. Wenn du ein Rezept hast, dann teile es mit uns!","breadcrumb":{"@id":"https:\/\/gastro-brennecke.de\/blog\/news\/am-01-02-ist-internationaler-grutbiertag\/#breadcrumb"},"inLanguage":"de","potentialAction":[{"@type":"ReadAction","target":["https:\/\/gastro-brennecke.de\/blog\/news\/am-01-02-ist-internationaler-grutbiertag\/"]}]},{"@type":"ImageObject","inLanguage":"de","@id":"https:\/\/gastro-brennecke.de\/blog\/news\/am-01-02-ist-internationaler-grutbiertag\/#primaryimage","url":"https:\/\/gastro-brennecke.de\/blog\/wp-content\/uploads\/2022\/01\/Grutbier-.jpg?wsr","contentUrl":"https:\/\/gastro-brennecke.de\/blog\/wp-content\/uploads\/2022\/01\/Grutbier-.jpg?wsr","width":1200,"height":1200},{"@type":"BreadcrumbList","@id":"https:\/\/gastro-brennecke.de\/blog\/news\/am-01-02-ist-internationaler-grutbiertag\/#breadcrumb","itemListElement":[{"@type":"ListItem","position":1,"name":"Startseite","item":"https:\/\/gastro-brennecke.de\/blog\/"},{"@type":"ListItem","position":2,"name":"Am 01.02. ist internationaler Grutbiertag"}]},{"@type":"WebSite","@id":"https:\/\/gastro-brennecke.de\/blog\/#website","url":"https:\/\/gastro-brennecke.de\/blog\/","name":"Gastro Brennecke Blog","description":"Bier selber brauen | Schank &amp; Zapfanlagen - Gastro Brennecke","publisher":{"@id":"https:\/\/gastro-brennecke.de\/blog\/#organization"},"potentialAction":[{"@type":"SearchAction","target":{"@type":"EntryPoint","urlTemplate":"https:\/\/gastro-brennecke.de\/blog\/?s={search_term_string}"},"query-input":{"@type":"PropertyValueSpecification","valueRequired":true,"valueName":"search_term_string"}}],"inLanguage":"de"},{"@type":"Organization","@id":"https:\/\/gastro-brennecke.de\/blog\/#organization","name":"Gastro Brennecke Blog","url":"https:\/\/gastro-brennecke.de\/blog\/","logo":{"@type":"ImageObject","inLanguage":"de","@id":"https:\/\/gastro-brennecke.de\/blog\/#\/schema\/logo\/image\/","url":"https:\/\/gastro-brennecke.de\/blog\/wp-content\/uploads\/2020\/11\/2020-brennecke-logo.png?wsr","contentUrl":"https:\/\/gastro-brennecke.de\/blog\/wp-content\/uploads\/2020\/11\/2020-brennecke-logo.png?wsr","width":462,"height":136,"caption":"Gastro Brennecke Blog"},"image":{"@id":"https:\/\/gastro-brennecke.de\/blog\/#\/schema\/logo\/image\/"},"sameAs":["https:\/\/www.facebook.com\/gastrobrennecke","https:\/\/x.com\/GastroBrennecke","https:\/\/www.linkedin.com\/in\/nico-brennecke-770a64217\/","https:\/\/www.pinterest.de\/bierbrauen","https:\/\/www.youtube.com\/user\/gastrokomplett"]},{"@type":"Person","@id":"https:\/\/gastro-brennecke.de\/blog\/#\/schema\/person\/f08b921dc43532d46c5935307f76c2d5","name":"Nico Brennecke","pronouns":"er\/ihm","image":{"@type":"ImageObject","inLanguage":"de","@id":"https:\/\/secure.gravatar.com\/avatar\/265753c7995506fcc19fd4b8a2ce9183d2515b32050fd9a3548bd671d9f7ca1a?s=96&d=mm&r=g","url":"https:\/\/secure.gravatar.com\/avatar\/265753c7995506fcc19fd4b8a2ce9183d2515b32050fd9a3548bd671d9f7ca1a?s=96&d=mm&r=g","contentUrl":"https:\/\/secure.gravatar.com\/avatar\/265753c7995506fcc19fd4b8a2ce9183d2515b32050fd9a3548bd671d9f7ca1a?s=96&d=mm&r=g","caption":"Nico Brennecke"},"description":"Ich bin Nico Brennecke, Experte f\u00fcr Hobbybrauen und Schanktechnik und Inhaber von Gastro Brennecke mit \u00fcber 15 Jahren Erfahrung. Unser Familienunternehmen besteht seit \u00fcber 40 Jahren und hat sich auf alles rund ums Bier brauen, Zapfanlagen und Ausschanktechnik spezialisiert. Vom Einsteiger bis zur Gastronomie unterst\u00fctze ich t\u00e4glich Kunden bei der Auswahl der passenden Technik und Zutaten. Besonders wichtig ist mir, dass unsere Produkte nicht nur verkauft, sondern auch verstanden werden. Deshalb findest du in unserer Wissenswelt, im Blog und im Lexikon zahlreiche Anleitungen, Tipps und Hintergrundwissen aus der Praxis. Durch meine Erfahrung aus tausenden Kundenprojekten wei\u00df ich genau, worauf es beim Bier brauen und beim perfekten Ausschank wirklich ankommt. Wenn du Fragen rund ums Bier brauen oder Zapfanlagen hast, findest du hier im Blog viele praktische Anleitungen aus der Praxis. Mehr \u00fcber mich erf\u00e4hrst du hier: Zur Expertenseite","sameAs":["https:\/\/gastro-brennecke.de\/nico-brennecke-experte-hobbybrauen-schanktechnik\/"],"url":"https:\/\/gastro-brennecke.de\/blog\/author\/nico\/"}]}},"_links":{"self":[{"href":"https:\/\/gastro-brennecke.de\/blog\/wp-json\/wp\/v2\/posts\/2663","targetHints":{"allow":["GET"]}}],"collection":[{"href":"https:\/\/gastro-brennecke.de\/blog\/wp-json\/wp\/v2\/posts"}],"about":[{"href":"https:\/\/gastro-brennecke.de\/blog\/wp-json\/wp\/v2\/types\/post"}],"author":[{"embeddable":true,"href":"https:\/\/gastro-brennecke.de\/blog\/wp-json\/wp\/v2\/users\/3"}],"replies":[{"embeddable":true,"href":"https:\/\/gastro-brennecke.de\/blog\/wp-json\/wp\/v2\/comments?post=2663"}],"version-history":[{"count":18,"href":"https:\/\/gastro-brennecke.de\/blog\/wp-json\/wp\/v2\/posts\/2663\/revisions"}],"predecessor-version":[{"id":7047,"href":"https:\/\/gastro-brennecke.de\/blog\/wp-json\/wp\/v2\/posts\/2663\/revisions\/7047"}],"wp:featuredmedia":[{"embeddable":true,"href":"https:\/\/gastro-brennecke.de\/blog\/wp-json\/wp\/v2\/media\/3108"}],"wp:attachment":[{"href":"https:\/\/gastro-brennecke.de\/blog\/wp-json\/wp\/v2\/media?parent=2663"}],"wp:term":[{"taxonomy":"category","embeddable":true,"href":"https:\/\/gastro-brennecke.de\/blog\/wp-json\/wp\/v2\/categories?post=2663"},{"taxonomy":"post_tag","embeddable":true,"href":"https:\/\/gastro-brennecke.de\/blog\/wp-json\/wp\/v2\/tags?post=2663"}],"curies":[{"name":"wp","href":"https:\/\/api.w.org\/{rel}","templated":true}]}}